{"id":147434,"date":"2019-09-09T18:37:54","date_gmt":"2019-09-09T21:37:54","guid":{"rendered":"https:\/\/diarioregionaldigital.com.br\/?p=147434"},"modified":"2019-09-09T18:37:54","modified_gmt":"2019-09-09T21:37:54","slug":"educacao-em-saude-permanece-com-acoes-de-combate-ao-aedes-aegypti-esta-semana","status":"publish","type":"post","link":"https:\/\/diarioregionaldigital.com.br\/?p=147434","title":{"rendered":"\u201cEduca\u00e7\u00e3o em Sa\u00fade\u201d permanece com a\u00e7\u00f5es de combate ao aedes aegypti esta semana"},"content":{"rendered":"<p>Durante esta semana, o setor de \u201cEduca\u00e7\u00e3o em Sa\u00fade\u201d da Prefeitura de Juiz de Fora (PJF) continuar\u00e1 realizando a\u00e7\u00f5es em institui\u00e7\u00f5es no Munic\u00edpio, tendo como objetivo conscientizar a popula\u00e7\u00e3o sobre a import\u00e2ncia da aten\u00e7\u00e3o para o combate \u00e0 dengue. As a\u00e7\u00f5es educativas refor\u00e7am as informa\u00e7\u00f5es acerca dos principais cuidados contra o aedes aegypti, transmissor da dengue, zika e chikungunya.<\/p>\n<p>Empresas, escolas e institui\u00e7\u00f5es interessadas em agendar palestras de educa\u00e7\u00e3o em sa\u00fade podem enviar o pedido via e-mail (educasaude@pjf.mg.gov.br) ou ligar para 3690-7534.<\/p>\n<p><i>Programa\u00e7\u00e3o<\/i><\/p>\n<p><b>Quarta-feira, 11 &#8211; 14 horas<\/b><\/p>\n<p><b>A\u00e7\u00e3o:<\/b>\u00a0teatro<\/p>\n<p><b>Local:<\/b>\u00a0Creche Municipal \u201cEneida de Carvalho Carapinha\u201d<\/p>\n<p>Rua R\u00f4mulo Ribeiro de Castro, 50 &#8211; Santa Rita<\/p>\n<p><b>Quinta-feira, 12 &#8211; 14 horas<\/b><\/p>\n<p><b>A\u00e7\u00e3o:<\/b>\u00a0Palestra sobre dengue<\/p>\n<p><b>Local:<\/b>\u00a0Centro de Refer\u00eancia de Assist\u00eancia Social (Cras) Costa Carvalho<\/p>\n<p>Rua Costa Carvalho, 7 &#8211; Costa Carvalho<\/p>\n<p>Fonte: PJF<\/p>\n","protected":false},"excerpt":{"rendered":"<p>Durante esta semana, o setor de \u201cEduca\u00e7\u00e3o em Sa\u00fade\u201d da Prefeitura de Juiz de Fora (PJF) continuar\u00e1 realizando a\u00e7\u00f5es em institui\u00e7\u00f5es no Munic\u00edpio, tendo como objetivo conscientizar a popula\u00e7\u00e3o sobre a import\u00e2ncia da aten\u00e7\u00e3o para o combate \u00e0 dengue. As a\u00e7\u00f5es educativas refor\u00e7am as informa\u00e7\u00f5es acerca dos principais cuidados contra o aedes aegypti, transmissor da [&hellip;]<\/p>\n","protected":false},"author":96,"featured_media":147435,"comment_status":"closed","ping_status":"closed","sticky":false,"template":"","format":"standard","meta":{"footnotes":""},"categories":[253,436,439],"tags":[],"class_list":["post-147434","post","type-post","status-publish","format-standard","has-post-thumbnail","hentry","category-cidade","category-destaque-da-semana","category-ultima-hora"],"_links":{"self":[{"href":"https:\/\/diarioregionaldigital.com.br\/index.php?rest_route=\/wp\/v2\/posts\/147434","targetHints":{"allow":["GET"]}}],"collection":[{"href":"https:\/\/diarioregionaldigital.com.br\/index.php?rest_route=\/wp\/v2\/posts"}],"about":[{"href":"https:\/\/diarioregionaldigital.com.br\/index.php?rest_route=\/wp\/v2\/types\/post"}],"author":[{"embeddable":true,"href":"https:\/\/diarioregionaldigital.com.br\/index.php?rest_route=\/wp\/v2\/users\/96"}],"replies":[{"embeddable":true,"href":"https:\/\/diarioregionaldigital.com.br\/index.php?rest_route=%2Fwp%2Fv2%2Fcomments&post=147434"}],"version-history":[{"count":0,"href":"https:\/\/diarioregionaldigital.com.br\/index.php?rest_route=\/wp\/v2\/posts\/147434\/revisions"}],"wp:featuredmedia":[{"embeddable":true,"href":"https:\/\/diarioregionaldigital.com.br\/index.php?rest_route=\/wp\/v2\/media\/147435"}],"wp:attachment":[{"href":"https:\/\/diarioregionaldigital.com.br\/index.php?rest_route=%2Fwp%2Fv2%2Fmedia&parent=147434"}],"wp:term":[{"taxonomy":"category","embeddable":true,"href":"https:\/\/diarioregionaldigital.com.br\/index.php?rest_route=%2Fwp%2Fv2%2Fcategories&post=147434"},{"taxonomy":"post_tag","embeddable":true,"href":"https:\/\/diarioregionaldigital.com.br\/index.php?rest_route=%2Fwp%2Fv2%2Ftags&post=147434"}],"curies":[{"name":"wp","href":"https:\/\/api.w.org\/{rel}","templated":true}]}}