{"id":147419,"date":"2019-09-09T17:09:46","date_gmt":"2019-09-09T20:09:46","guid":{"rendered":"https:\/\/diarioregionaldigital.com.br\/?p=147419"},"modified":"2019-09-09T17:09:46","modified_gmt":"2019-09-09T20:09:46","slug":"multa-para-telefonicas-por-excesso-de-mensagens-de-cobranca-esta-na-pauta-da-cct","status":"publish","type":"post","link":"https:\/\/diarioregionaldigital.com.br\/?p=147419","title":{"rendered":"Multa para telef\u00f4nicas por excesso de mensagens de cobran\u00e7a est\u00e1 na pauta da CCT"},"content":{"rendered":"<p>A Comiss\u00e3o de Ci\u00eancia e Tecnologia (CCT) tem reuni\u00e3o na quarta-feira (11), \u00e0s 10h, com cinco itens na pauta de vota\u00e7\u00f5es. Entre eles, o Projeto de Lei da C\u00e2mara (PLC) <a href=\"https:\/\/www25.senado.leg.br\/web\/atividade\/materias\/-\/materia\/122821\">108\/2015<\/a>, que pro\u00edbe operadoras de telefonia de enviar mais de uma mensagem de texto ou de voz por dia para lembrar ao cliente que uma conta ainda n\u00e3o foi paga.<\/p>\n<p>De acordo com o texto, um novo aviso de cobran\u00e7a s\u00f3 poder\u00e1 ocorrer ap\u00f3s 72 horas da primeira notifica\u00e7\u00e3o. Caso a empresa descumpra o prazo, ter\u00e1 de pagar multa de at\u00e9 100% do valor do d\u00e9bito n\u00e3o pago para cada mensagem enviada em descumprimento ao limite. Em caso de reincid\u00eancia, o valor deve ser cobrado em dobro. O projeto recebeu relat\u00f3rio favor\u00e1vel \u00e0 sua aprova\u00e7\u00e3o, dado pelo senador D\u00e1rio Berger (MDB-SC).<\/p>\n<p>Os senadores que integram a CCT tamb\u00e9m devem dar andamento \u00e0 an\u00e1lise do projeto que p\u00f5e fim \u00e0s restri\u00e7\u00f5es de propriedade cruzada entre telef\u00f4nicas, emissoras de radiodifus\u00e3o e empresas que produzem conte\u00fado. O Projeto de Lei (PL) <a href=\"http:\/\/www25.senado.leg.br\/web\/atividade\/materias\/-\/materia\/137517\">3.832\/2019<\/a> tem como relator o senador Arolde de Oliveira (PSD-RJ).<\/p>\n<p>O projeto altera a Lei do Servi\u00e7o de Acesso Condicionado (SeAC) ou Lei da TV Paga (<a href=\"http:\/\/www.planalto.gov.br\/ccivil_03\/_Ato2011-2014\/2011\/Lei\/L12485.htm\">Lei 12.485, de 2011<\/a>). Apresentado pelo presidente da CCT, senador Vanderlan Cardoso (PP-GO), o texto acaba com as restri\u00e7\u00f5es \u00e0 propriedade cruzada entre as prestadoras de servi\u00e7os de telecomunica\u00e7\u00f5es de interesse coletivo (empresas de telefonia e internet) e as concession\u00e1rias e permission\u00e1rias de servi\u00e7os de radiodifus\u00e3o sonora e de sons e imagens (emissoras de TV e r\u00e1dio) e produtoras e programadoras do SeAC (TV paga).<\/p>\n<p>&nbsp;<\/p>\n<p>Fonte: Ag\u00eancia Senado<\/p>\n","protected":false},"excerpt":{"rendered":"<p>A Comiss\u00e3o de Ci\u00eancia e Tecnologia (CCT) tem reuni\u00e3o na quarta-feira (11), \u00e0s 10h, com cinco itens na pauta de vota\u00e7\u00f5es. Entre eles, o Projeto de Lei da C\u00e2mara (PLC) 108\/2015, que pro\u00edbe operadoras de telefonia de enviar mais de uma mensagem de texto ou de voz por dia para lembrar ao cliente que uma [&hellip;]<\/p>\n","protected":false},"author":96,"featured_media":147422,"comment_status":"closed","ping_status":"closed","sticky":false,"template":"","format":"standard","meta":{"footnotes":""},"categories":[436,254,439],"tags":[],"class_list":["post-147419","post","type-post","status-publish","format-standard","has-post-thumbnail","hentry","category-destaque-da-semana","category-politica","category-ultima-hora"],"_links":{"self":[{"href":"https:\/\/diarioregionaldigital.com.br\/index.php?rest_route=\/wp\/v2\/posts\/147419","targetHints":{"allow":["GET"]}}],"collection":[{"href":"https:\/\/diarioregionaldigital.com.br\/index.php?rest_route=\/wp\/v2\/posts"}],"about":[{"href":"https:\/\/diarioregionaldigital.com.br\/index.php?rest_route=\/wp\/v2\/types\/post"}],"author":[{"embeddable":true,"href":"https:\/\/diarioregionaldigital.com.br\/index.php?rest_route=\/wp\/v2\/users\/96"}],"replies":[{"embeddable":true,"href":"https:\/\/diarioregionaldigital.com.br\/index.php?rest_route=%2Fwp%2Fv2%2Fcomments&post=147419"}],"version-history":[{"count":0,"href":"https:\/\/diarioregionaldigital.com.br\/index.php?rest_route=\/wp\/v2\/posts\/147419\/revisions"}],"wp:featuredmedia":[{"embeddable":true,"href":"https:\/\/diarioregionaldigital.com.br\/index.php?rest_route=\/wp\/v2\/media\/147422"}],"wp:attachment":[{"href":"https:\/\/diarioregionaldigital.com.br\/index.php?rest_route=%2Fwp%2Fv2%2Fmedia&parent=147419"}],"wp:term":[{"taxonomy":"category","embeddable":true,"href":"https:\/\/diarioregionaldigital.com.br\/index.php?rest_route=%2Fwp%2Fv2%2Fcategories&post=147419"},{"taxonomy":"post_tag","embeddable":true,"href":"https:\/\/diarioregionaldigital.com.br\/index.php?rest_route=%2Fwp%2Fv2%2Ftags&post=147419"}],"curies":[{"name":"wp","href":"https:\/\/api.w.org\/{rel}","templated":true}]}}