{"id":147416,"date":"2019-09-09T16:50:56","date_gmt":"2019-09-09T19:50:56","guid":{"rendered":"https:\/\/diarioregionaldigital.com.br\/?p=147416"},"modified":"2019-09-09T16:50:56","modified_gmt":"2019-09-09T19:50:56","slug":"projeto-exige-advertencia-em-rotulos-de-produtos-com-potencial-cancerigeno","status":"publish","type":"post","link":"https:\/\/diarioregionaldigital.com.br\/?p=147416","title":{"rendered":"Projeto exige advert\u00eancia em r\u00f3tulos de produtos com potencial cancer\u00edgeno"},"content":{"rendered":"<p>Os r\u00f3tulos e as embalagens de produtos poder\u00e3o trazer avisos sobre a eventual exist\u00eancia de ingredientes cancer\u00edgenos em sua composi\u00e7\u00e3o. Esse alerta est\u00e1 previsto no <a href=\"http:\/\/www25.senado.leg.br\/web\/atividade\/materias\/-\/materia\/131969\">PLS 510\/2017<\/a>, que est\u00e1 na pauta da reuni\u00e3o de quarta-feira (11) da Comiss\u00e3o de Assuntos Sociais (CAS).<\/p>\n<p>Apresentada pelo senador Jader Barbalho (MDB-PA), a proposta altera o C\u00f3digo de Defesa do Consumidor (<a href=\"http:\/\/www.planalto.gov.br\/ccivil_03\/leis\/l8078.htm\">Lei 8.078, de 1990<\/a>) e determina que esses r\u00f3tulos e embalagens exibir\u00e3o a mensagem avisando sobre subst\u00e2ncias cancer\u00edgenas, ou com tal potencial, caso sua presen\u00e7a ultrapassasse os limites m\u00e1ximos admitidos pelo \u00f3rg\u00e3o de controle sanit\u00e1rio.<\/p>\n<p>O gasto do Minist\u00e9rio da Sa\u00fade com tratamentos contra o c\u00e2ncer cresceu 66% em cinco anos, saltando de R$ 2,1 bilh\u00f5es em 2010 para R$ 3,5 bilh\u00f5es em 2015, segundo levantamento da pasta. O montante inclui recursos despendidos com cirurgias oncol\u00f3gicas, quimioterapia, radioterapia, hormonoterapia e cuidados paliativos.<\/p>\n<p>A relatora, senadora Ju\u00edza Selma (PSL-MT), apresentou voto favor\u00e1vel \u00e0 mat\u00e9ria, com uma emenda.<\/p>\n<p><strong>Repasses do SUS<\/strong><\/p>\n<p>Tamb\u00e9m poder\u00e3o ser aprovados pela comiss\u00e3o projetos como o <a href=\"http:\/\/www25.senado.leg.br\/web\/atividade\/materias\/-\/materia\/134359\">PLS 412\/2018<\/a>, que obriga a divulga\u00e7\u00e3o anual dos valores pagos pelo SUS por servi\u00e7os prestados por unidades privadas de sa\u00fade; o <a href=\"http:\/\/www25.senado.leg.br\/web\/atividade\/materias\/-\/materia\/132552\">PLS 107\/2018<\/a>, que libera a realiza\u00e7\u00e3o da laqueadura no per\u00edodo imediatamente ap\u00f3s um parto ou um aborto, inclusive na mesma interna\u00e7\u00e3o hospitalar; e o <a href=\"http:\/\/www25.senado.leg.br\/web\/atividade\/materias\/-\/materia\/99050\">PLS 12\/2011<\/a>, que permite deduzir medicamentos controlados do Imposto de Renda.<\/p>\n<p>Fonte: Ag\u00eancia Senado<\/p>\n","protected":false},"excerpt":{"rendered":"<p>Os r\u00f3tulos e as embalagens de produtos poder\u00e3o trazer avisos sobre a eventual exist\u00eancia de ingredientes cancer\u00edgenos em sua composi\u00e7\u00e3o. Esse alerta est\u00e1 previsto no PLS 510\/2017, que est\u00e1 na pauta da reuni\u00e3o de quarta-feira (11) da Comiss\u00e3o de Assuntos Sociais (CAS). Apresentada pelo senador Jader Barbalho (MDB-PA), a proposta altera o C\u00f3digo de Defesa [&hellip;]<\/p>\n","protected":false},"author":96,"featured_media":147417,"comment_status":"closed","ping_status":"closed","sticky":false,"template":"","format":"standard","meta":{"footnotes":""},"categories":[436,254,439],"tags":[],"class_list":["post-147416","post","type-post","status-publish","format-standard","has-post-thumbnail","hentry","category-destaque-da-semana","category-politica","category-ultima-hora"],"_links":{"self":[{"href":"https:\/\/diarioregionaldigital.com.br\/index.php?rest_route=\/wp\/v2\/posts\/147416","targetHints":{"allow":["GET"]}}],"collection":[{"href":"https:\/\/diarioregionaldigital.com.br\/index.php?rest_route=\/wp\/v2\/posts"}],"about":[{"href":"https:\/\/diarioregionaldigital.com.br\/index.php?rest_route=\/wp\/v2\/types\/post"}],"author":[{"embeddable":true,"href":"https:\/\/diarioregionaldigital.com.br\/index.php?rest_route=\/wp\/v2\/users\/96"}],"replies":[{"embeddable":true,"href":"https:\/\/diarioregionaldigital.com.br\/index.php?rest_route=%2Fwp%2Fv2%2Fcomments&post=147416"}],"version-history":[{"count":0,"href":"https:\/\/diarioregionaldigital.com.br\/index.php?rest_route=\/wp\/v2\/posts\/147416\/revisions"}],"wp:featuredmedia":[{"embeddable":true,"href":"https:\/\/diarioregionaldigital.com.br\/index.php?rest_route=\/wp\/v2\/media\/147417"}],"wp:attachment":[{"href":"https:\/\/diarioregionaldigital.com.br\/index.php?rest_route=%2Fwp%2Fv2%2Fmedia&parent=147416"}],"wp:term":[{"taxonomy":"category","embeddable":true,"href":"https:\/\/diarioregionaldigital.com.br\/index.php?rest_route=%2Fwp%2Fv2%2Fcategories&post=147416"},{"taxonomy":"post_tag","embeddable":true,"href":"https:\/\/diarioregionaldigital.com.br\/index.php?rest_route=%2Fwp%2Fv2%2Ftags&post=147416"}],"curies":[{"name":"wp","href":"https:\/\/api.w.org\/{rel}","templated":true}]}}