{"id":147413,"date":"2019-09-09T16:14:08","date_gmt":"2019-09-09T19:14:08","guid":{"rendered":"https:\/\/diarioregionaldigital.com.br\/?p=147413"},"modified":"2019-09-09T16:14:08","modified_gmt":"2019-09-09T19:14:08","slug":"carteira-estudantil-digital-comecara-a-ser-emitida-em-90-dias","status":"publish","type":"post","link":"https:\/\/diarioregionaldigital.com.br\/?p=147413","title":{"rendered":"Carteira estudantil digital come\u00e7ar\u00e1 a ser emitida em 90 dias"},"content":{"rendered":"<p>A carteira estudantil digital come\u00e7ar\u00e1 a ser emitida em 90 dias e ser\u00e1 ofertada nas lojas Google Play e Apple Store. Com o documento, os estudantes v\u00e3o poder pagar meia-entrada em\u00a0<em>shows<\/em>, cinema, teatro e outros eventos culturais. O prazo come\u00e7a a contar hoje (9), com a publica\u00e7\u00e3o da medida provis\u00f3ria (MP) que disp\u00f5e sobre o pagamento de meia-entrada no\u00a0<a href=\"http:\/\/www.in.gov.br\/en\/web\/dou\/-\/medida-provisoria-n-895-de-6-de-setembro-de-2019-215089376\"><em>Di\u00e1rio Oficial da Uni\u00e3o<\/em><\/a>.<\/p>\n<p>O estudante que solicitar a carteira digital ter\u00e1 que consentir com o compartilhamento dos dados cadastrais e pessoais com o Minist\u00e9rio da Educa\u00e7\u00e3o (MEC) para subsidiar o Sistema Educacional Brasileiro \u2014 o novo banco de dados nacional dos alunos, a ser criado e mantido pela pasta.<\/p>\n<p>O MEC poder\u00e1 usar essas informa\u00e7\u00f5es apenas para formula\u00e7\u00e3o, implementa\u00e7\u00e3o, execu\u00e7\u00e3o, avalia\u00e7\u00e3o e monitoramento de pol\u00edticas p\u00fablicas. O sigilo dos dados pessoais deve ser garantido sempre que poss\u00edvel.<\/p>\n<p>O estudante com idade igual ou superior a 18 anos e o respons\u00e1vel legal pelo aluno menor de idade responder\u00e3o pelas informa\u00e7\u00f5es autodeclaradas e estar\u00e3o sujeitos \u00e0s san\u00e7\u00f5es administrativas, c\u00edveis e penais previstas em lei na hip\u00f3tese de fraude.<\/p>\n<p>De acordo com a MP, a carteirinha digital poder\u00e1 ser emitida pelo MEC; pela Associa\u00e7\u00e3o Nacional de P\u00f3s-Graduandos; pela Uni\u00e3o Nacional dos Estudantes (UNE); pela Uni\u00e3o Brasileira dos Estudantes Secundaristas (Ubes); por entidades estudantis estaduais, municipais e distritais; diret\u00f3rios centrais dos estudantes; centros e diret\u00f3rios acad\u00eamicos e outras entidades de ensino e associa\u00e7\u00f5es representativas dos estudantes, conforme definido em ato do ministro da Educa\u00e7\u00e3o.<\/p>\n<p>O MEC poder\u00e1 ainda firmar contrato ou instrumento cong\u00eanere com a Caixa Econ\u00f4mica Federal para emiss\u00e3o gratuita ao estudante do modelo f\u00edsico da carteira de identifica\u00e7\u00e3o estudantil.<\/p>\n<p>Segundo a MP, a nova carteira estudantil f\u00edsica solicitada em um ano ser\u00e1 v\u00e1lida at\u00e9 31 de mar\u00e7o do ano seguinte e a digital, enquanto o aluno permanecer matriculado em estabelecimento que forne\u00e7a os n\u00edveis e as modalidades de educa\u00e7\u00e3o e ensino. O documento perder\u00e1 a validade quando o estudante se desvincular do estabelecimento.<\/p>\n<p>Fonte: Ag\u00eancia Brasil<\/p>\n","protected":false},"excerpt":{"rendered":"<p>A carteira estudantil digital come\u00e7ar\u00e1 a ser emitida em 90 dias e ser\u00e1 ofertada nas lojas Google Play e Apple Store. Com o documento, os estudantes v\u00e3o poder pagar meia-entrada em\u00a0shows, cinema, teatro e outros eventos culturais. O prazo come\u00e7a a contar hoje (9), com a publica\u00e7\u00e3o da medida provis\u00f3ria (MP) que disp\u00f5e sobre o [&hellip;]<\/p>\n","protected":false},"author":96,"featured_media":97709,"comment_status":"closed","ping_status":"closed","sticky":false,"template":"","format":"standard","meta":{"footnotes":""},"categories":[436,261,439],"tags":[],"class_list":["post-147413","post","type-post","status-publish","format-standard","has-post-thumbnail","hentry","category-destaque-da-semana","category-economia","category-ultima-hora"],"_links":{"self":[{"href":"https:\/\/diarioregionaldigital.com.br\/index.php?rest_route=\/wp\/v2\/posts\/147413","targetHints":{"allow":["GET"]}}],"collection":[{"href":"https:\/\/diarioregionaldigital.com.br\/index.php?rest_route=\/wp\/v2\/posts"}],"about":[{"href":"https:\/\/diarioregionaldigital.com.br\/index.php?rest_route=\/wp\/v2\/types\/post"}],"author":[{"embeddable":true,"href":"https:\/\/diarioregionaldigital.com.br\/index.php?rest_route=\/wp\/v2\/users\/96"}],"replies":[{"embeddable":true,"href":"https:\/\/diarioregionaldigital.com.br\/index.php?rest_route=%2Fwp%2Fv2%2Fcomments&post=147413"}],"version-history":[{"count":0,"href":"https:\/\/diarioregionaldigital.com.br\/index.php?rest_route=\/wp\/v2\/posts\/147413\/revisions"}],"wp:featuredmedia":[{"embeddable":true,"href":"https:\/\/diarioregionaldigital.com.br\/index.php?rest_route=\/wp\/v2\/media\/97709"}],"wp:attachment":[{"href":"https:\/\/diarioregionaldigital.com.br\/index.php?rest_route=%2Fwp%2Fv2%2Fmedia&parent=147413"}],"wp:term":[{"taxonomy":"category","embeddable":true,"href":"https:\/\/diarioregionaldigital.com.br\/index.php?rest_route=%2Fwp%2Fv2%2Fcategories&post=147413"},{"taxonomy":"post_tag","embeddable":true,"href":"https:\/\/diarioregionaldigital.com.br\/index.php?rest_route=%2Fwp%2Fv2%2Ftags&post=147413"}],"curies":[{"name":"wp","href":"https:\/\/api.w.org\/{rel}","templated":true}]}}