{"id":147408,"date":"2019-09-09T15:54:11","date_gmt":"2019-09-09T18:54:11","guid":{"rendered":"https:\/\/diarioregionaldigital.com.br\/?p=147408"},"modified":"2019-09-09T15:54:11","modified_gmt":"2019-09-09T18:54:11","slug":"novo-estudo-mostra-que-erradicacao-da-malaria-sera-possivel-ate-2050","status":"publish","type":"post","link":"https:\/\/diarioregionaldigital.com.br\/?p=147408","title":{"rendered":"Novo estudo mostra que erradica\u00e7\u00e3o da mal\u00e1ria ser\u00e1 poss\u00edvel at\u00e9 2050"},"content":{"rendered":"<p>A erradica\u00e7\u00e3o global da mal\u00e1ria, uma das doen\u00e7as mais antigas e mortais do mundo, pode ser alcan\u00e7ada at\u00e9 2050, mostra novo estudo publicado hoje (9) pela comiss\u00e3o para a mal\u00e1ria da revista cient\u00edfica\u00a0<em>The Lancet<\/em>.<\/p>\n<p>&#8220;Um futuro livre de mal\u00e1ria pode ser alcan\u00e7ado t\u00e3o cedo como em 2050&#8221;, diz o estudo, de autoria de 41 dos principais especialistas mundiais em mal\u00e1ria, ci\u00eancias biom\u00e9dicas, economia e pol\u00edticas de sa\u00fade.<\/p>\n<p>A pesquisa mostra as evid\u00eancias cient\u00edficas, combinando-as com novas an\u00e1lises epidemiol\u00f3gicas e financeiras que demonstram que &#8211; com as ferramentas e estrat\u00e9gias certas e o financiamento adequado &#8211; a erradica\u00e7\u00e3o da doen\u00e7a \u00e9 poss\u00edvel no espa\u00e7o de uma gera\u00e7\u00e3o.<\/p>\n<p>Os especialistas identificam tr\u00eas medidas para inverter a curva de progress\u00e3o da doen\u00e7a, acelerando a queda dos casos de mal\u00e1ria em n\u00edvel mundial, incluindo um aumento anual de cerca de US$ 2 bilh\u00f5es.<\/p>\n<p>Entre as propostas dos especialistas est\u00e3o melhorar a gest\u00e3o e implementa\u00e7\u00e3o dos atuais programas de controle da mal\u00e1ria, fazer uso mais eficiente das atuais ferramentas, desenvolver t\u00e9cnicas inovadoras que permitam ultrapassar os desafios biol\u00f3gicos da erradica\u00e7\u00e3o e disponibiliza\u00e7\u00e3o, por parte dos pa\u00edses onde a mal\u00e1ria \u00e9 end\u00eamica, de investimento financeiro adequado.<\/p>\n<p>&#8220;Por muito tempo, a erradica\u00e7\u00e3o da mal\u00e1ria foi um sonho distante, mas agora temos provas de que a doen\u00e7a pode e deve ser erradicada at\u00e9 2050&#8221;, disse Richard Feachem, co-presidente da Comiss\u00e3o Lancet para Erradica\u00e7\u00e3o da Mal\u00e1ria e diretor do Grupo de Sa\u00fade Global da Universidade da Calif\u00f3rnia, San Francisco (UCSF).<\/p>\n<p>&#8220;O estudo diz que a erradica\u00e7\u00e3o da mal\u00e1ria \u00e9 poss\u00edvel no tempo de uma gera\u00e7\u00e3o, mas para alcan\u00e7ar essa vis\u00e3o comum n\u00e3o podemos continuar com a abordagem atual. O mundo est\u00e1 num ponto cr\u00edtico e devemos desafiar-nos com metas ambiciosas e comprometer-nos com as a\u00e7\u00f5es ousadas necess\u00e1rias para as alcan\u00e7ar&#8221;.<\/p>\n<p>Desde 2000, a incid\u00eancia da mal\u00e1ria e a taxa de mortalidade em n\u00edvel global ca\u00edram 36% e 60&#8243;, respectivamente. Foi registrado no per\u00edodo um aumento do investimento na preven\u00e7\u00e3o e tratamento da doen\u00e7a, que em 2016 chegou a US$ 4,3 bilh\u00f5es<\/p>\n<p>Hoje, mais da metade dos pa\u00edses est\u00e3o livres da mal\u00e1ria.<\/p>\n<p>Apesar dos progressos e dos esfor\u00e7os globais, mais de 200 milh\u00f5es de casos\u00a0 s\u00e3o registrados em todo o mundo a cada ano, causando mais de 500 mil mortes.<\/p>\n<p>Os casos de mal\u00e1ria aumentaram em 55 pa\u00edses da \u00c1frica, \u00c1sia e Am\u00e9rica Latina e crescem as preocupa\u00e7\u00f5es com a resist\u00eancia dos mosquitos transmissores (vetores) aos atuais inseticidas e medicamentos.<\/p>\n<p>A maioria dos novos casos de mal\u00e1ria surge em apenas 29 pa\u00edses, que s\u00e3o respons\u00e1veis por 85% das mortes registradas em 2017.<\/p>\n<p>Entre os 29 pa\u00edses, apenas dois &#8211; Papua Nova Guin\u00e9 e Ilhas Salom\u00e3o &#8211; n\u00e3o est\u00e3o localizados na \u00c1frica.<\/p>\n<p>Apenas dois pa\u00edses africanos &#8211; Nig\u00e9ria e Rep\u00fablica Democr\u00e1tica do Congo &#8211; s\u00e3o respons\u00e1veis por 36% dos casos da doen\u00e7a em n\u00edvel mundial.<\/p>\n<p>&#8220;Apesar dos progressos in\u00e9ditos, a mal\u00e1ria continua a privar comunidades em todo o mundo do seu potencial econ\u00f4mico, particularmente na \u00c1frica, onde apenas cinco pa\u00edses carregam quase metade do peso global [da doen\u00e7a]&#8221;, adiantou Winnie Mpanju-Shumbusho, membro do RBM Partnership to End Malaria e co-presidente da comiss\u00e3o The Lancet para a erradica\u00e7\u00e3o da mal\u00e1ria.<\/p>\n<p>Ao comentar o estudo, o diretor-geral da Organiza\u00e7\u00e3o Mundial da Sa\u00fade, Tedros Adhanom Ghebreyesus, considerou a meta &#8220;ousada&#8221;, levando em conta que o objetivo n\u00e3o poder\u00e1 ser alcan\u00e7ado &#8220;com as atuais ferramentas e abordagens&#8221;.<\/p>\n<p>Por isso, apelou para &#8220;redobrados esfor\u00e7os&#8221; na investiga\u00e7\u00e3o e desenvolvimento, maior e mais efetivo investimento e sistemas de sa\u00fade robustos, baseados na sa\u00fade prim\u00e1ria e na cobertura universal.<\/p>\n<p>Fonte: Ag\u00eancia Brasil<\/p>\n","protected":false},"excerpt":{"rendered":"<p>A erradica\u00e7\u00e3o global da mal\u00e1ria, uma das doen\u00e7as mais antigas e mortais do mundo, pode ser alcan\u00e7ada at\u00e9 2050, mostra novo estudo publicado hoje (9) pela comiss\u00e3o para a mal\u00e1ria da revista cient\u00edfica\u00a0The Lancet. &#8220;Um futuro livre de mal\u00e1ria pode ser alcan\u00e7ado t\u00e3o cedo como em 2050&#8221;, diz o estudo, de autoria de 41 dos [&hellip;]<\/p>\n","protected":false},"author":96,"featured_media":147409,"comment_status":"closed","ping_status":"closed","sticky":false,"template":"","format":"standard","meta":{"footnotes":""},"categories":[302,436,439],"tags":[],"class_list":["post-147408","post","type-post","status-publish","format-standard","has-post-thumbnail","hentry","category-brasil-mundo","category-destaque-da-semana","category-ultima-hora"],"_links":{"self":[{"href":"https:\/\/diarioregionaldigital.com.br\/index.php?rest_route=\/wp\/v2\/posts\/147408","targetHints":{"allow":["GET"]}}],"collection":[{"href":"https:\/\/diarioregionaldigital.com.br\/index.php?rest_route=\/wp\/v2\/posts"}],"about":[{"href":"https:\/\/diarioregionaldigital.com.br\/index.php?rest_route=\/wp\/v2\/types\/post"}],"author":[{"embeddable":true,"href":"https:\/\/diarioregionaldigital.com.br\/index.php?rest_route=\/wp\/v2\/users\/96"}],"replies":[{"embeddable":true,"href":"https:\/\/diarioregionaldigital.com.br\/index.php?rest_route=%2Fwp%2Fv2%2Fcomments&post=147408"}],"version-history":[{"count":0,"href":"https:\/\/diarioregionaldigital.com.br\/index.php?rest_route=\/wp\/v2\/posts\/147408\/revisions"}],"wp:featuredmedia":[{"embeddable":true,"href":"https:\/\/diarioregionaldigital.com.br\/index.php?rest_route=\/wp\/v2\/media\/147409"}],"wp:attachment":[{"href":"https:\/\/diarioregionaldigital.com.br\/index.php?rest_route=%2Fwp%2Fv2%2Fmedia&parent=147408"}],"wp:term":[{"taxonomy":"category","embeddable":true,"href":"https:\/\/diarioregionaldigital.com.br\/index.php?rest_route=%2Fwp%2Fv2%2Fcategories&post=147408"},{"taxonomy":"post_tag","embeddable":true,"href":"https:\/\/diarioregionaldigital.com.br\/index.php?rest_route=%2Fwp%2Fv2%2Ftags&post=147408"}],"curies":[{"name":"wp","href":"https:\/\/api.w.org\/{rel}","templated":true}]}}