{"id":147405,"date":"2019-09-09T15:03:07","date_gmt":"2019-09-09T18:03:07","guid":{"rendered":"https:\/\/diarioregionaldigital.com.br\/?p=147405"},"modified":"2019-09-09T15:03:07","modified_gmt":"2019-09-09T18:03:07","slug":"mourao-diz-que-guerra-economica-entre-china-e-eua-afeta-o-brasil","status":"publish","type":"post","link":"https:\/\/diarioregionaldigital.com.br\/?p=147405","title":{"rendered":"Mour\u00e3o diz que guerra econ\u00f4mica entre China e EUA afeta o Brasil"},"content":{"rendered":"<p>O presidente da Rep\u00fablica em exerc\u00edcio, Hamilton Mour\u00e3o, disse hoje (9), ao participar de evento com empres\u00e1rios chineses, em S\u00e3o Paulo, que a escalada das barreiras tarif\u00e1rias e o risco de recess\u00e3o com o conflito comercial entre China e Estados Unidos afetam o Brasil.<\/p>\n<p>\u201cO mundo acompanha com apreens\u00e3o a escalada das barreiras tarif\u00e1rias e o aumento do risco de recess\u00e3o mundial. Sabemos que ganhos de curto prazo para o Brasil, como o aumento da demanda por soja, podem ficar comprometidos pela redu\u00e7\u00e3o global da atividade econ\u00f4mica ou pelo desequil\u00edbrio dos mercados no mais longo prazo. A instabilidade pol\u00edtica n\u00e3o contribui para o progresso econ\u00f4mico.&#8221;<\/p>\n<p>Segundo Mour\u00e3o, o Brasil tem procurado aumentar e diversificar sua rela\u00e7\u00e3o comercial com a China. \u201cTemos procurado construir rela\u00e7\u00f5es de confian\u00e7a e criar o ambiente prop\u00edcio para a amplia\u00e7\u00e3o e a diversifica\u00e7\u00e3o das rela\u00e7\u00f5es econ\u00f4micas com a China. Essa disposi\u00e7\u00e3o mostra-se ainda mais pertinente no contexto de acirramento do enfrentamento econ\u00f4mico e comercial entre China e Estados Unidos\u201d, disse.<\/p>\n<h2>Frigor\u00edficos<\/h2>\n<p>O presidente em exerc\u00edcio disse ter conversado nesta manh\u00e3 (9) com a ministra da Agricultura, Tereza Cristina, que lhe informou que 25 novos frigor\u00edficos de su\u00ednos, bovinos e de aves foram habilitados para exportar para a China.<\/p>\n<p>Durante a reuni\u00e3o anual do Conselho Empresarial Brasil-China (CEBC), Mour\u00e3o exaltou a parceria comercial entre os dois pa\u00edses. que vem crescento nos \u00faltimos anos, conforme ressaltou. Ele lembrou que a China \u00e9, h\u00e1 10 anos, a maior parceira comercial do Brasil. \u201cAs expectativas apontam para um desempenho maior e melhor\u201d, disse.<\/p>\n<p>Mour\u00e3o disse ainda que o governo do presidente Jair Bolsonaro \u201cest\u00e1 realizando as reformas necess\u00e1rias para que o Brasil ingresse em um novo ciclo de crescimento econ\u00f4mico. &#8220;Contamos com a China como parceiro nesse percurso\u201d.<\/p>\n<h2>Confer\u00eancia<\/h2>\n<p>Mour\u00e3o participou hoje da Confer\u00eancia Anual &#8211; Oportunidades para o Brasil de uma parceria estrat\u00e9gica com a China, realizada no Hotel Renassaince, na regi\u00e3o da Avenida Paulista, pelo Conselho Empresarial Brasil-China (CEBC), que completa 15 anos de atividades este ano.<\/p>\n<p>Durante o evento, foi apresentada a pesquisa Investimentos Chineses no Brasil em 2018, feito pelo CEBC que mostra que, entre 2007 e 2018, os investimentos chineses no Brasil atingiram cerca de Us$60 bilh\u00f5es.<\/p>\n<p>Ainda hoje Mour\u00e3o deve visitar o presidente Jair Bolsonaro, que est\u00e1 internado no hospital Vila Nova Star, em S\u00e3o Paulo.<\/p>\n<p>Fonte: Ag\u00eancia Brasil<\/p>\n","protected":false},"excerpt":{"rendered":"<p>O presidente da Rep\u00fablica em exerc\u00edcio, Hamilton Mour\u00e3o, disse hoje (9), ao participar de evento com empres\u00e1rios chineses, em S\u00e3o Paulo, que a escalada das barreiras tarif\u00e1rias e o risco de recess\u00e3o com o conflito comercial entre China e Estados Unidos afetam o Brasil. \u201cO mundo acompanha com apreens\u00e3o a escalada das barreiras tarif\u00e1rias e [&hellip;]<\/p>\n","protected":false},"author":96,"featured_media":147406,"comment_status":"closed","ping_status":"closed","sticky":false,"template":"","format":"standard","meta":{"footnotes":""},"categories":[436,261,439],"tags":[],"class_list":["post-147405","post","type-post","status-publish","format-standard","has-post-thumbnail","hentry","category-destaque-da-semana","category-economia","category-ultima-hora"],"_links":{"self":[{"href":"https:\/\/diarioregionaldigital.com.br\/index.php?rest_route=\/wp\/v2\/posts\/147405","targetHints":{"allow":["GET"]}}],"collection":[{"href":"https:\/\/diarioregionaldigital.com.br\/index.php?rest_route=\/wp\/v2\/posts"}],"about":[{"href":"https:\/\/diarioregionaldigital.com.br\/index.php?rest_route=\/wp\/v2\/types\/post"}],"author":[{"embeddable":true,"href":"https:\/\/diarioregionaldigital.com.br\/index.php?rest_route=\/wp\/v2\/users\/96"}],"replies":[{"embeddable":true,"href":"https:\/\/diarioregionaldigital.com.br\/index.php?rest_route=%2Fwp%2Fv2%2Fcomments&post=147405"}],"version-history":[{"count":0,"href":"https:\/\/diarioregionaldigital.com.br\/index.php?rest_route=\/wp\/v2\/posts\/147405\/revisions"}],"wp:featuredmedia":[{"embeddable":true,"href":"https:\/\/diarioregionaldigital.com.br\/index.php?rest_route=\/wp\/v2\/media\/147406"}],"wp:attachment":[{"href":"https:\/\/diarioregionaldigital.com.br\/index.php?rest_route=%2Fwp%2Fv2%2Fmedia&parent=147405"}],"wp:term":[{"taxonomy":"category","embeddable":true,"href":"https:\/\/diarioregionaldigital.com.br\/index.php?rest_route=%2Fwp%2Fv2%2Fcategories&post=147405"},{"taxonomy":"post_tag","embeddable":true,"href":"https:\/\/diarioregionaldigital.com.br\/index.php?rest_route=%2Fwp%2Fv2%2Ftags&post=147405"}],"curies":[{"name":"wp","href":"https:\/\/api.w.org\/{rel}","templated":true}]}}