{"id":147403,"date":"2019-09-09T14:58:20","date_gmt":"2019-09-09T17:58:20","guid":{"rendered":"https:\/\/diarioregionaldigital.com.br\/?p=147403"},"modified":"2019-09-09T14:58:20","modified_gmt":"2019-09-09T17:58:20","slug":"indicador-antecedente-de-emprego-cresce-02-ponto-em-agosto","status":"publish","type":"post","link":"https:\/\/diarioregionaldigital.com.br\/?p=147403","title":{"rendered":"Indicador Antecedente de Emprego cresce 0,2 ponto em agosto"},"content":{"rendered":"<p>O Indicador Antecedente de Emprego (Iaemp), medido pela Funda\u00e7\u00e3o Getulio Vargas (FGV), teve um crescimento de 0,2 ponto de julho para agosto deste ano. Com a varia\u00e7\u00e3o, o indicador chegou a 86,8 pontos, em uma escala de zero a 200 pontos.<\/p>\n<p>Apesar do crescimento em n\u00fameros absolutos, a FGV considerou o resultado estatisticamente est\u00e1vel.<\/p>\n<p>O Iaemp busca antecipar tend\u00eancias do mercado de trabalho para os pr\u00f3ximos meses e \u00e9 medido com base em entrevistas com consumidores e com empres\u00e1rios dos servi\u00e7os e da ind\u00fastria.<\/p>\n<p>O Indicador Coincidente de Desemprego (ICD), que mede a avalia\u00e7\u00e3o dos consumidores sobre a situa\u00e7\u00e3o atual do desemprego, cresceu 0,9 ponto, para 93,5 pontos, em uma escala de zero a 200 pontos. Neste caso, o crescimento do indicador \u00e9 negativo, porque significa que os consumidores consideram a situa\u00e7\u00e3o de desemprego mais desfavor\u00e1vel.<\/p>\n<p>Para a FGV, o consumidor ainda enxerga com cautela as melhoras no mercado de trabalho.<\/p>\n<p>Fonte: Ag\u00eancia Brasil<\/p>\n","protected":false},"excerpt":{"rendered":"<p>O Indicador Antecedente de Emprego (Iaemp), medido pela Funda\u00e7\u00e3o Getulio Vargas (FGV), teve um crescimento de 0,2 ponto de julho para agosto deste ano. Com a varia\u00e7\u00e3o, o indicador chegou a 86,8 pontos, em uma escala de zero a 200 pontos. Apesar do crescimento em n\u00fameros absolutos, a FGV considerou o resultado estatisticamente est\u00e1vel. O [&hellip;]<\/p>\n","protected":false},"author":96,"featured_media":144623,"comment_status":"closed","ping_status":"closed","sticky":false,"template":"","format":"standard","meta":{"footnotes":""},"categories":[436,261,439],"tags":[],"class_list":["post-147403","post","type-post","status-publish","format-standard","has-post-thumbnail","hentry","category-destaque-da-semana","category-economia","category-ultima-hora"],"_links":{"self":[{"href":"https:\/\/diarioregionaldigital.com.br\/index.php?rest_route=\/wp\/v2\/posts\/147403","targetHints":{"allow":["GET"]}}],"collection":[{"href":"https:\/\/diarioregionaldigital.com.br\/index.php?rest_route=\/wp\/v2\/posts"}],"about":[{"href":"https:\/\/diarioregionaldigital.com.br\/index.php?rest_route=\/wp\/v2\/types\/post"}],"author":[{"embeddable":true,"href":"https:\/\/diarioregionaldigital.com.br\/index.php?rest_route=\/wp\/v2\/users\/96"}],"replies":[{"embeddable":true,"href":"https:\/\/diarioregionaldigital.com.br\/index.php?rest_route=%2Fwp%2Fv2%2Fcomments&post=147403"}],"version-history":[{"count":0,"href":"https:\/\/diarioregionaldigital.com.br\/index.php?rest_route=\/wp\/v2\/posts\/147403\/revisions"}],"wp:featuredmedia":[{"embeddable":true,"href":"https:\/\/diarioregionaldigital.com.br\/index.php?rest_route=\/wp\/v2\/media\/144623"}],"wp:attachment":[{"href":"https:\/\/diarioregionaldigital.com.br\/index.php?rest_route=%2Fwp%2Fv2%2Fmedia&parent=147403"}],"wp:term":[{"taxonomy":"category","embeddable":true,"href":"https:\/\/diarioregionaldigital.com.br\/index.php?rest_route=%2Fwp%2Fv2%2Fcategories&post=147403"},{"taxonomy":"post_tag","embeddable":true,"href":"https:\/\/diarioregionaldigital.com.br\/index.php?rest_route=%2Fwp%2Fv2%2Ftags&post=147403"}],"curies":[{"name":"wp","href":"https:\/\/api.w.org\/{rel}","templated":true}]}}