{"id":147364,"date":"2019-09-08T06:00:48","date_gmt":"2019-09-08T09:00:48","guid":{"rendered":"https:\/\/diarioregionaldigital.com.br\/?p=147364"},"modified":"2019-09-05T19:39:21","modified_gmt":"2019-09-05T22:39:21","slug":"espetaculo-3","status":"publish","type":"post","link":"https:\/\/diarioregionaldigital.com.br\/?p=147364","title":{"rendered":"Espet\u00e1culo"},"content":{"rendered":"<p style=\"text-align: center;\"><strong>Olha S\u00f3<\/strong><\/p>\n<p style=\"text-align: center;\">O governo anuncia nos pr\u00f3ximos dias uma parceria com o sistema S. Um programa que junta desonera\u00e7\u00e3o da folha salarial com requalifica\u00e7\u00e3o da m\u00e3o de obra. Pelo visto, os tempos de \u201cmeter a faca\u201d no Sistema $ ficaram para tr\u00e1s.<\/p>\n<p style=\"text-align: center;\"><strong>Novidade<\/strong><\/p>\n<p style=\"text-align: center;\">A startup brasileira Fazendo Futuro, que em maio lan\u00e7ou no Brasil inteiro o primeiro hamb\u00farguer de \u201ccarne vegetal\u201d aos moldes do que hoje \u00e9 uma febre nos EUA \u2013 ou seja, com o mesmo sabor da carne bovina \u2013, prepara-se para botar no mercado neste m\u00eas mais dois produtos: alm\u00f4ndegas e carne mo\u00edda vegetais. E est\u00e1 desenvolvendo para 2020, salsichas, lingui\u00e7as e bifes com a mesma pegada.<\/p>\n<p style=\"text-align: center;\"><strong>Moda Show<\/strong><\/p>\n<p style=\"text-align: center;\">Professora do CES\/JF, Fabiana Ballesteros comemora muito a conquista do curso de Design de Moda do estabelecimento de ensino que na avalia\u00e7\u00e3o do MEC recebeu nota 4. Vibrando tamb\u00e9m a coordenadora Aline Marques Costa.<\/p>\n<p style=\"text-align: center;\"><strong>Boa A\u00e7\u00e3o<\/strong><\/p>\n<p style=\"text-align: center;\">As escolas Padre Wilson e Coronel Em\u00edlio Esteves, vencedoras da Gincana Ecol\u00f3gica, est\u00e3o em festa. Receberam do prefeito Ant\u00f4nio Almas, da secret\u00e1ria de educa\u00e7\u00e3o Denise Franco e do din\u00e2micos Efig\u00eania Viana, coordenadora de campanhas educativas do Demlub, e do gerente da E-Ambiental, Tiago William da Cunha, dez computadores em ritmo de tecnologia solid\u00e1ria.<\/p>\n<p style=\"text-align: center;\"><strong>Dica<\/strong><\/p>\n<p style=\"text-align: center;\">Para dar o pontap\u00e9 inicial da campanha do Outubro Rosa, A APPO de Petr\u00f3polis (RJ) promove o Ch\u00e1 Rosa, no dia 12 de setembro.<\/p>\n<p style=\"text-align: center;\"><strong>Espet\u00e1culo<\/strong><\/p>\n<p style=\"text-align: center;\">Vai ser em ritmo de alt\u00edssimo astral a apresenta\u00e7\u00e3o do espet\u00e1culo Na Roda do grupo Maria Cutia retornando \u00e0 programa\u00e7\u00e3o deste domingo, 8, do programa Divers\u00e3o em Cena ArcelorMital, \u00e0s 16h, no Teatro Solar de Juiz de Fora.<\/p>\n<div id=\"attachment_147278\" style=\"width: 690px\" class=\"wp-caption aligncenter\"><img loading=\"lazy\" decoding=\"async\" aria-describedby=\"caption-attachment-147278\" class=\"wp-image-147278\" src=\"https:\/\/diarioregionaldigital.com.br\/wp-content\/uploads\/2019\/09\/fotoa-3.jpg\" alt=\"\" width=\"680\" height=\"457\" srcset=\"https:\/\/diarioregionaldigital.com.br\/wp-content\/uploads\/2019\/09\/fotoa-3.jpg 1758w, https:\/\/diarioregionaldigital.com.br\/wp-content\/uploads\/2019\/09\/fotoa-3-300x202.jpg 300w, https:\/\/diarioregionaldigital.com.br\/wp-content\/uploads\/2019\/09\/fotoa-3-768x516.jpg 768w, https:\/\/diarioregionaldigital.com.br\/wp-content\/uploads\/2019\/09\/fotoa-3-1024x688.jpg 1024w, https:\/\/diarioregionaldigital.com.br\/wp-content\/uploads\/2019\/09\/fotoa-3-360x242.jpg 360w\" sizes=\"auto, (max-width: 680px) 100vw, 680px\" \/><p id=\"caption-attachment-147278\" class=\"wp-caption-text\">Fazendo a festa no Salvaterra Alto dos Passos, os lindos da fam\u00edlia Dias com Arthur e D\u00e9bora com os filhos Matheus e Lara<\/p><\/div>\n<div id=\"attachment_147279\" style=\"width: 690px\" class=\"wp-caption aligncenter\"><img loading=\"lazy\" decoding=\"async\" aria-describedby=\"caption-attachment-147279\" class=\"wp-image-147279\" src=\"https:\/\/diarioregionaldigital.com.br\/wp-content\/uploads\/2019\/09\/fotob-3-e1567716546637.jpg\" alt=\"\" width=\"680\" height=\"499\" srcset=\"https:\/\/diarioregionaldigital.com.br\/wp-content\/uploads\/2019\/09\/fotob-3-e1567716546637.jpg 1170w, https:\/\/diarioregionaldigital.com.br\/wp-content\/uploads\/2019\/09\/fotob-3-e1567716546637-300x220.jpg 300w, https:\/\/diarioregionaldigital.com.br\/wp-content\/uploads\/2019\/09\/fotob-3-e1567716546637-768x564.jpg 768w, https:\/\/diarioregionaldigital.com.br\/wp-content\/uploads\/2019\/09\/fotob-3-e1567716546637-1024x752.jpg 1024w, https:\/\/diarioregionaldigital.com.br\/wp-content\/uploads\/2019\/09\/fotob-3-e1567716546637-360x264.jpg 360w\" sizes=\"auto, (max-width: 680px) 100vw, 680px\" \/><p id=\"caption-attachment-147279\" class=\"wp-caption-text\">Mulheres que fazem a diferen\u00e7a, Cristina Mansur e Alcione Marocolo<\/p><\/div>\n<div id=\"attachment_147280\" style=\"width: 690px\" class=\"wp-caption aligncenter\"><img loading=\"lazy\" decoding=\"async\" aria-describedby=\"caption-attachment-147280\" class=\"wp-image-147280\" src=\"https:\/\/diarioregionaldigital.com.br\/wp-content\/uploads\/2019\/09\/fotoc-3-e1567716666321.jpg\" alt=\"\" width=\"680\" height=\"494\" srcset=\"https:\/\/diarioregionaldigital.com.br\/wp-content\/uploads\/2019\/09\/fotoc-3-e1567716666321.jpg 1182w, https:\/\/diarioregionaldigital.com.br\/wp-content\/uploads\/2019\/09\/fotoc-3-e1567716666321-300x218.jpg 300w, https:\/\/diarioregionaldigital.com.br\/wp-content\/uploads\/2019\/09\/fotoc-3-e1567716666321-768x558.jpg 768w, https:\/\/diarioregionaldigital.com.br\/wp-content\/uploads\/2019\/09\/fotoc-3-e1567716666321-1024x744.jpg 1024w, https:\/\/diarioregionaldigital.com.br\/wp-content\/uploads\/2019\/09\/fotoc-3-e1567716666321-360x262.jpg 360w\" sizes=\"auto, (max-width: 680px) 100vw, 680px\" \/><p id=\"caption-attachment-147280\" class=\"wp-caption-text\">No fino coquetel da Castelo de Pedra, Luciano de Castro e Juliana Andreatta<\/p><\/div>\n<div id=\"attachment_147281\" style=\"width: 690px\" class=\"wp-caption aligncenter\"><img loading=\"lazy\" decoding=\"async\" aria-describedby=\"caption-attachment-147281\" class=\"wp-image-147281\" src=\"https:\/\/diarioregionaldigital.com.br\/wp-content\/uploads\/2019\/09\/fotod-3-e1567716710294.jpg\" alt=\"\" width=\"680\" height=\"513\" srcset=\"https:\/\/diarioregionaldigital.com.br\/wp-content\/uploads\/2019\/09\/fotod-3-e1567716710294.jpg 1290w, https:\/\/diarioregionaldigital.com.br\/wp-content\/uploads\/2019\/09\/fotod-3-e1567716710294-300x226.jpg 300w, https:\/\/diarioregionaldigital.com.br\/wp-content\/uploads\/2019\/09\/fotod-3-e1567716710294-768x579.jpg 768w, https:\/\/diarioregionaldigital.com.br\/wp-content\/uploads\/2019\/09\/fotod-3-e1567716710294-1024x772.jpg 1024w, https:\/\/diarioregionaldigital.com.br\/wp-content\/uploads\/2019\/09\/fotod-3-e1567716710294-360x272.jpg 360w\" sizes=\"auto, (max-width: 680px) 100vw, 680px\" \/><p id=\"caption-attachment-147281\" class=\"wp-caption-text\">Presen\u00e7as elegantes no Privil\u00e8ge com Orlando e Liliane e a filha Amanda Manera<\/p><\/div>\n<div id=\"attachment_147282\" style=\"width: 690px\" class=\"wp-caption aligncenter\"><img loading=\"lazy\" decoding=\"async\" aria-describedby=\"caption-attachment-147282\" class=\"wp-image-147282\" src=\"https:\/\/diarioregionaldigital.com.br\/wp-content\/uploads\/2019\/09\/fotoe-2-e1567716740779.jpg\" alt=\"\" width=\"680\" height=\"524\" srcset=\"https:\/\/diarioregionaldigital.com.br\/wp-content\/uploads\/2019\/09\/fotoe-2-e1567716740779.jpg 1182w, https:\/\/diarioregionaldigital.com.br\/wp-content\/uploads\/2019\/09\/fotoe-2-e1567716740779-300x231.jpg 300w, https:\/\/diarioregionaldigital.com.br\/wp-content\/uploads\/2019\/09\/fotoe-2-e1567716740779-768x591.jpg 768w, https:\/\/diarioregionaldigital.com.br\/wp-content\/uploads\/2019\/09\/fotoe-2-e1567716740779-1024x788.jpg 1024w, https:\/\/diarioregionaldigital.com.br\/wp-content\/uploads\/2019\/09\/fotoe-2-e1567716740779-360x277.jpg 360w\" sizes=\"auto, (max-width: 680px) 100vw, 680px\" \/><p id=\"caption-attachment-147282\" class=\"wp-caption-text\">Antecipando a primavera a elegante empres\u00e1ria Denise Resende<\/p><\/div>\n<div id=\"attachment_147283\" style=\"width: 690px\" class=\"wp-caption aligncenter\"><img loading=\"lazy\" decoding=\"async\" aria-describedby=\"caption-attachment-147283\" class=\"wp-image-147283\" src=\"https:\/\/diarioregionaldigital.com.br\/wp-content\/uploads\/2019\/09\/fotof-3-e1567716775120.jpg\" alt=\"\" width=\"680\" height=\"497\" srcset=\"https:\/\/diarioregionaldigital.com.br\/wp-content\/uploads\/2019\/09\/fotof-3-e1567716775120.jpg 1164w, https:\/\/diarioregionaldigital.com.br\/wp-content\/uploads\/2019\/09\/fotof-3-e1567716775120-300x219.jpg 300w, https:\/\/diarioregionaldigital.com.br\/wp-content\/uploads\/2019\/09\/fotof-3-e1567716775120-768x561.jpg 768w, https:\/\/diarioregionaldigital.com.br\/wp-content\/uploads\/2019\/09\/fotof-3-e1567716775120-1024x749.jpg 1024w, https:\/\/diarioregionaldigital.com.br\/wp-content\/uploads\/2019\/09\/fotof-3-e1567716775120-360x263.jpg 360w\" sizes=\"auto, (max-width: 680px) 100vw, 680px\" \/><p id=\"caption-attachment-147283\" class=\"wp-caption-text\">Gente especial no samba em JF, Miriam Neder, David Chaves e Luh Chaves<\/p><\/div>\n<div id=\"attachment_147284\" style=\"width: 690px\" class=\"wp-caption aligncenter\"><img loading=\"lazy\" decoding=\"async\" aria-describedby=\"caption-attachment-147284\" class=\"wp-image-147284\" src=\"https:\/\/diarioregionaldigital.com.br\/wp-content\/uploads\/2019\/09\/fotog-3.jpg\" alt=\"\" width=\"680\" height=\"449\" srcset=\"https:\/\/diarioregionaldigital.com.br\/wp-content\/uploads\/2019\/09\/fotog-3.jpg 1770w, https:\/\/diarioregionaldigital.com.br\/wp-content\/uploads\/2019\/09\/fotog-3-300x198.jpg 300w, https:\/\/diarioregionaldigital.com.br\/wp-content\/uploads\/2019\/09\/fotog-3-768x508.jpg 768w, https:\/\/diarioregionaldigital.com.br\/wp-content\/uploads\/2019\/09\/fotog-3-1024x677.jpg 1024w, https:\/\/diarioregionaldigital.com.br\/wp-content\/uploads\/2019\/09\/fotog-3-1440x950.jpg 1440w, https:\/\/diarioregionaldigital.com.br\/wp-content\/uploads\/2019\/09\/fotog-3-360x238.jpg 360w\" sizes=\"auto, (max-width: 680px) 100vw, 680px\" \/><p id=\"caption-attachment-147284\" class=\"wp-caption-text\">Lindos em noite de festa, Diogo Miranda, Wesley Guedes, Jane Paulino, Heverson San\u00e1bio e Karine Menezes<\/p><\/div>\n<div id=\"attachment_147285\" style=\"width: 690px\" class=\"wp-caption aligncenter\"><img loading=\"lazy\" decoding=\"async\" aria-describedby=\"caption-attachment-147285\" class=\"wp-image-147285\" src=\"https:\/\/diarioregionaldigital.com.br\/wp-content\/uploads\/2019\/09\/fotoh-3-e1567716808198.jpg\" alt=\"\" width=\"680\" height=\"627\" srcset=\"https:\/\/diarioregionaldigital.com.br\/wp-content\/uploads\/2019\/09\/fotoh-3-e1567716808198.jpg 1175w, https:\/\/diarioregionaldigital.com.br\/wp-content\/uploads\/2019\/09\/fotoh-3-e1567716808198-300x277.jpg 300w, https:\/\/diarioregionaldigital.com.br\/wp-content\/uploads\/2019\/09\/fotoh-3-e1567716808198-768x708.jpg 768w, https:\/\/diarioregionaldigital.com.br\/wp-content\/uploads\/2019\/09\/fotoh-3-e1567716808198-1024x944.jpg 1024w, https:\/\/diarioregionaldigital.com.br\/wp-content\/uploads\/2019\/09\/fotoh-3-e1567716808198-360x332.jpg 360w\" sizes=\"auto, (max-width: 680px) 100vw, 680px\" \/><p id=\"caption-attachment-147285\" class=\"wp-caption-text\">Sorrissos Colgate na Lapa (Rio), S\u00e9rgio Ferreira da Rocha e Lidiane Stambassi<\/p><\/div>\n<div id=\"attachment_147286\" style=\"width: 690px\" class=\"wp-caption aligncenter\"><img loading=\"lazy\" decoding=\"async\" aria-describedby=\"caption-attachment-147286\" class=\"wp-image-147286\" src=\"https:\/\/diarioregionaldigital.com.br\/wp-content\/uploads\/2019\/09\/fotoi-2-e1567716837678.jpg\" alt=\"\" width=\"680\" height=\"499\" srcset=\"https:\/\/diarioregionaldigital.com.br\/wp-content\/uploads\/2019\/09\/fotoi-2-e1567716837678.jpg 1173w, https:\/\/diarioregionaldigital.com.br\/wp-content\/uploads\/2019\/09\/fotoi-2-e1567716837678-300x220.jpg 300w, https:\/\/diarioregionaldigital.com.br\/wp-content\/uploads\/2019\/09\/fotoi-2-e1567716837678-768x564.jpg 768w, https:\/\/diarioregionaldigital.com.br\/wp-content\/uploads\/2019\/09\/fotoi-2-e1567716837678-1024x752.jpg 1024w, https:\/\/diarioregionaldigital.com.br\/wp-content\/uploads\/2019\/09\/fotoi-2-e1567716837678-360x264.jpg 360w\" sizes=\"auto, (max-width: 680px) 100vw, 680px\" \/><p id=\"caption-attachment-147286\" class=\"wp-caption-text\">O requinte do dinner de Franciane Reis<\/p><\/div>\n<div id=\"attachment_147287\" style=\"width: 690px\" class=\"wp-caption aligncenter\"><img loading=\"lazy\" decoding=\"async\" aria-describedby=\"caption-attachment-147287\" class=\"wp-image-147287\" src=\"https:\/\/diarioregionaldigital.com.br\/wp-content\/uploads\/2019\/09\/fotoj-3-e1567716860247.jpg\" alt=\"\" width=\"680\" height=\"492\" srcset=\"https:\/\/diarioregionaldigital.com.br\/wp-content\/uploads\/2019\/09\/fotoj-3-e1567716860247.jpg 1173w, https:\/\/diarioregionaldigital.com.br\/wp-content\/uploads\/2019\/09\/fotoj-3-e1567716860247-300x217.jpg 300w, https:\/\/diarioregionaldigital.com.br\/wp-content\/uploads\/2019\/09\/fotoj-3-e1567716860247-768x555.jpg 768w, https:\/\/diarioregionaldigital.com.br\/wp-content\/uploads\/2019\/09\/fotoj-3-e1567716860247-1024x740.jpg 1024w, https:\/\/diarioregionaldigital.com.br\/wp-content\/uploads\/2019\/09\/fotoj-3-e1567716860247-360x260.jpg 360w\" sizes=\"auto, (max-width: 680px) 100vw, 680px\" \/><p id=\"caption-attachment-147287\" class=\"wp-caption-text\">Em Joinvelle (SC), o descolado Ava Gambel<\/p><\/div>\n<div id=\"attachment_147288\" style=\"width: 690px\" class=\"wp-caption aligncenter\"><img loading=\"lazy\" decoding=\"async\" aria-describedby=\"caption-attachment-147288\" class=\"wp-image-147288\" src=\"https:\/\/diarioregionaldigital.com.br\/wp-content\/uploads\/2019\/09\/fotol-3-e1567716883435.jpg\" alt=\"\" width=\"680\" height=\"682\" srcset=\"https:\/\/diarioregionaldigital.com.br\/wp-content\/uploads\/2019\/09\/fotol-3-e1567716883435.jpg 1175w, https:\/\/diarioregionaldigital.com.br\/wp-content\/uploads\/2019\/09\/fotol-3-e1567716883435-150x150.jpg 150w, https:\/\/diarioregionaldigital.com.br\/wp-content\/uploads\/2019\/09\/fotol-3-e1567716883435-300x300.jpg 300w, https:\/\/diarioregionaldigital.com.br\/wp-content\/uploads\/2019\/09\/fotol-3-e1567716883435-768x771.jpg 768w, https:\/\/diarioregionaldigital.com.br\/wp-content\/uploads\/2019\/09\/fotol-3-e1567716883435-1021x1024.jpg 1021w, https:\/\/diarioregionaldigital.com.br\/wp-content\/uploads\/2019\/09\/fotol-3-e1567716883435-180x180.jpg 180w, https:\/\/diarioregionaldigital.com.br\/wp-content\/uploads\/2019\/09\/fotol-3-e1567716883435-120x120.jpg 120w, https:\/\/diarioregionaldigital.com.br\/wp-content\/uploads\/2019\/09\/fotol-3-e1567716883435-360x361.jpg 360w, https:\/\/diarioregionaldigital.com.br\/wp-content\/uploads\/2019\/09\/fotol-3-e1567716883435-80x80.jpg 80w\" sizes=\"auto, (max-width: 680px) 100vw, 680px\" \/><p id=\"caption-attachment-147288\" class=\"wp-caption-text\">Em Rio Novo Giulio Miranda e seus c\u00e3es Eve e Duda<\/p><\/div>\n<div id=\"attachment_147289\" style=\"width: 690px\" class=\"wp-caption aligncenter\"><img loading=\"lazy\" decoding=\"async\" aria-describedby=\"caption-attachment-147289\" class=\"wp-image-147289\" src=\"https:\/\/diarioregionaldigital.com.br\/wp-content\/uploads\/2019\/09\/fotom-2-e1567716911223.jpg\" alt=\"\" width=\"680\" height=\"497\" srcset=\"https:\/\/diarioregionaldigital.com.br\/wp-content\/uploads\/2019\/09\/fotom-2-e1567716911223.jpg 1176w, https:\/\/diarioregionaldigital.com.br\/wp-content\/uploads\/2019\/09\/fotom-2-e1567716911223-300x219.jpg 300w, https:\/\/diarioregionaldigital.com.br\/wp-content\/uploads\/2019\/09\/fotom-2-e1567716911223-768x561.jpg 768w, https:\/\/diarioregionaldigital.com.br\/wp-content\/uploads\/2019\/09\/fotom-2-e1567716911223-1024x748.jpg 1024w, https:\/\/diarioregionaldigital.com.br\/wp-content\/uploads\/2019\/09\/fotom-2-e1567716911223-360x263.jpg 360w\" sizes=\"auto, (max-width: 680px) 100vw, 680px\" \/><p id=\"caption-attachment-147289\" class=\"wp-caption-text\">Casal + que lindo no Museu Mariano Proc\u00f3pio, Victor Maia e Emilainy Werneck<\/p><\/div>\n<div id=\"attachment_147290\" style=\"width: 690px\" class=\"wp-caption aligncenter\"><img loading=\"lazy\" decoding=\"async\" aria-describedby=\"caption-attachment-147290\" class=\"wp-image-147290\" src=\"https:\/\/diarioregionaldigital.com.br\/wp-content\/uploads\/2019\/09\/foton-e1567716931498.jpg\" alt=\"\" width=\"680\" height=\"645\" srcset=\"https:\/\/diarioregionaldigital.com.br\/wp-content\/uploads\/2019\/09\/foton-e1567716931498.jpg 1176w, https:\/\/diarioregionaldigital.com.br\/wp-content\/uploads\/2019\/09\/foton-e1567716931498-300x285.jpg 300w, https:\/\/diarioregionaldigital.com.br\/wp-content\/uploads\/2019\/09\/foton-e1567716931498-768x729.jpg 768w, https:\/\/diarioregionaldigital.com.br\/wp-content\/uploads\/2019\/09\/foton-e1567716931498-1024x972.jpg 1024w, https:\/\/diarioregionaldigital.com.br\/wp-content\/uploads\/2019\/09\/foton-e1567716931498-360x342.jpg 360w\" sizes=\"auto, (max-width: 680px) 100vw, 680px\" \/><p id=\"caption-attachment-147290\" class=\"wp-caption-text\">Wallace Garcia e Hudson Lagrotta, em close especial da gera\u00e7\u00e3o modernette<\/p><\/div>\n<p style=\"text-align: center;\"><strong>FOTOSS\u00cdNTESE<\/strong><\/p>\n<p>Conjugando o mais alto astral, ser\u00e1 no dia 5 de outubro, \u00e0s 21h30, no C\u00edrculo Militar, o \u201cBaile dos Amigos do Cebola\u201d. O tom musical ser\u00e1 do cantor das multid\u00f5es Edimar Augusto.<\/p>\n<p>Para o domingo, 8, \u00e0s 19h, tem o evento Samba de Colher com a vers\u00e3o Donas da Roda no Teatro Paschoal Carlos Magno. No palco, as divas: Aline Crispin, Clara Castro, Ju Stanzani, Lara Daibert, Laura Januzzi, Maria Rita Abritta, Mirian Rosa, Nat\u00e1lia Freitas, Nat\u00e1lia Vargas, Talita Sobral e Roger Resende.<\/p>\n<p>Em estilo \u00fanico, vai ter movimento no Campus da UFJF com a Feira do Livro de Juiz de Fora. Ser\u00e1 nos dias 11, 12 e 13 de outubro. Dentre destaques, a palestra da escritora Cecy Barbosa Campos, no dia 12 de outubro, \u00e0s 13h, com o tema \u201cVozes Femininas na Literatura afro-brasileira.<\/p>\n<p>Em cartaz na galeria de Arte do Forum da Cultura da UFJF, a exposi\u00e7\u00e3o \u201cLugar de Mem\u00f3ria e Arte os rastros de uma escola normal\u201d. Em cena trabalhos de Bia Penna, Vitor Barros, Lucas Soares, Isabella Frapiccini e Alunos do Instituto Estadual de Educa\u00e7\u00e3o. At\u00e9 13 de setembro.<\/p>\n<p>Os rostos mais bonitos da cidade estar\u00e3o presentes no dia 5 de outubro, \u00e0s 15h, no Hotel Green Hill para o evento Alquimia 8. Ser\u00e3o 7 horas de chopp liberado e as atra\u00e7\u00f5es: Jeito Moleque, DJ Morango, Vannav e Lav\u00ednia.<\/p>\n<p>O Terrazzo vai bombar no dia 14, \u00e0s 18h, com a super festa WelCome Quieto \u2013 A virada do ano da milagrosa. No palco, Zona Blue, Bateria Milagrosa e Leonardo de Freitas e Fabiano.<\/p>\n<p>Circulando a bonita revista comemorativa de 20 anos do Zine, trazendo as fotos e os parceiros da grande festa realizada no Trade Hotel.<\/p>\n<p>Para sentir na pele: \u201cAlguns homens nascem com a cuca fresca e n\u00e3o fazem, jamais, uma cena de ci\u00fames. Mas viver com algu\u00e9m que nunca faz uma grande cena \u00e9 imposs\u00edvel de tolerar\u201d. (Danuza Le\u00e3o). Bom dia.<\/p>\n<p><img loading=\"lazy\" decoding=\"async\" class=\"aligncenter size-full wp-image-146725\" src=\"https:\/\/diarioregionaldigital.com.br\/wp-content\/uploads\/2019\/08\/anuncio-26.jpg\" alt=\"\" width=\"1743\" height=\"324\" srcset=\"https:\/\/diarioregionaldigital.com.br\/wp-content\/uploads\/2019\/08\/anuncio-26.jpg 1743w, https:\/\/diarioregionaldigital.com.br\/wp-content\/uploads\/2019\/08\/anuncio-26-300x56.jpg 300w, https:\/\/diarioregionaldigital.com.br\/wp-content\/uploads\/2019\/08\/anuncio-26-768x143.jpg 768w, https:\/\/diarioregionaldigital.com.br\/wp-content\/uploads\/2019\/08\/anuncio-26-1024x190.jpg 1024w, https:\/\/diarioregionaldigital.com.br\/wp-content\/uploads\/2019\/08\/anuncio-26-360x67.jpg 360w\" sizes=\"auto, (max-width: 1743px) 100vw, 1743px\" \/><\/p>\n","protected":false},"excerpt":{"rendered":"<p>Olha S\u00f3 O governo anuncia nos pr\u00f3ximos dias uma parceria com o sistema S. Um programa que junta desonera\u00e7\u00e3o da folha salarial com requalifica\u00e7\u00e3o da m\u00e3o de obra. Pelo visto, os tempos de \u201cmeter a faca\u201d no Sistema $ ficaram para tr\u00e1s. Novidade A startup brasileira Fazendo Futuro, que em maio lan\u00e7ou no Brasil inteiro [&hellip;]<\/p>\n","protected":false},"author":96,"featured_media":147278,"comment_status":"closed","ping_status":"closed","sticky":false,"template":"","format":"standard","meta":{"footnotes":""},"categories":[264],"tags":[],"class_list":["post-147364","post","type-post","status-publish","format-standard","has-post-thumbnail","hentry","category-eduardo-gomes"],"_links":{"self":[{"href":"https:\/\/diarioregionaldigital.com.br\/index.php?rest_route=\/wp\/v2\/posts\/147364","targetHints":{"allow":["GET"]}}],"collection":[{"href":"https:\/\/diarioregionaldigital.com.br\/index.php?rest_route=\/wp\/v2\/posts"}],"about":[{"href":"https:\/\/diarioregionaldigital.com.br\/index.php?rest_route=\/wp\/v2\/types\/post"}],"author":[{"embeddable":true,"href":"https:\/\/diarioregionaldigital.com.br\/index.php?rest_route=\/wp\/v2\/users\/96"}],"replies":[{"embeddable":true,"href":"https:\/\/diarioregionaldigital.com.br\/index.php?rest_route=%2Fwp%2Fv2%2Fcomments&post=147364"}],"version-history":[{"count":0,"href":"https:\/\/diarioregionaldigital.com.br\/index.php?rest_route=\/wp\/v2\/posts\/147364\/revisions"}],"wp:featuredmedia":[{"embeddable":true,"href":"https:\/\/diarioregionaldigital.com.br\/index.php?rest_route=\/wp\/v2\/media\/147278"}],"wp:attachment":[{"href":"https:\/\/diarioregionaldigital.com.br\/index.php?rest_route=%2Fwp%2Fv2%2Fmedia&parent=147364"}],"wp:term":[{"taxonomy":"category","embeddable":true,"href":"https:\/\/diarioregionaldigital.com.br\/index.php?rest_route=%2Fwp%2Fv2%2Fcategories&post=147364"},{"taxonomy":"post_tag","embeddable":true,"href":"https:\/\/diarioregionaldigital.com.br\/index.php?rest_route=%2Fwp%2Fv2%2Ftags&post=147364"}],"curies":[{"name":"wp","href":"https:\/\/api.w.org\/{rel}","templated":true}]}}