{"id":147352,"date":"2019-09-08T06:00:19","date_gmt":"2019-09-08T09:00:19","guid":{"rendered":"https:\/\/diarioregionaldigital.com.br\/?p=147352"},"modified":"2019-09-05T18:38:19","modified_gmt":"2019-09-05T21:38:19","slug":"violencia","status":"publish","type":"post","link":"https:\/\/diarioregionaldigital.com.br\/?p=147352","title":{"rendered":"Viol\u00eancia&#8230;"},"content":{"rendered":"<p>Tendo um expressivo n\u00famero de sugest\u00f5es para abordarmos, vamos buscar atender a todos, aproveitamos para agradecer a aceita\u00e7\u00e3o de nossa modesta coluna.<\/p>\n<p>Viol\u00eancia: devemos analis\u00e1-la sob dois aspectos: viol\u00eancia externa (rua) que \u00e9 de responsabilidade dos poderes p\u00fablicos Municipal, Estadual e Federal. Da\u00ed nos condom\u00ednios, \u00e9 preciso ter porteiros treinados de forma continuada e realizar parcerias com os condom\u00ednios vizinhos aderindo ao projeto da Policia Militar \u201cVizinhan\u00e7a Solid\u00e1ria\u201d. Neste, os porteiros comunicar-se-iam entre si, sempre que notarem algo anormal nas redondezas, acionando a pol\u00edcia para averigua\u00e7\u00e3o. Outro ponto \u00e9 a Viol\u00eancia Interna, que se caracteriza em diversos atos praticados dentro do condom\u00ednio como o uso abusivo de poder; barulho; inadimpl\u00eancia; uso inadequado de \u00e1rea comum; aus\u00eancia nas assembleias, uso excessivo de procura\u00e7\u00f5es; intoler\u00e2ncia e outras tantas mais. Estamos comentando esses fatos, para que nos permitam discutir como os s\u00edndicos podem agir nas mais diversas ocasi\u00f5es, levando-os a usarem sua lideran\u00e7a de forma e eficaz na solu\u00e7\u00e3o dos problemas.<\/p>\n<p>Em primeiro lugar, o sindico deve ser \u00e9tico e coerente. Mesmo que outras pessoas n\u00e3o percebam, muitas vezes ele tem o v\u00edcio de dar desculpas usando de justificativas, quando deixa de fazer algo por medo, comodidade ou falta de senso de prioridade. Desta forma, n\u00e3o assume a verdadeira raz\u00e3o de sua inefici\u00eancia perante os outros e a si mesmo.<\/p>\n<p>Daniel Goleman, festejado autor do livro \u201cIntelig\u00eancia Emocional\u201d lan\u00e7ado em 2013, e depois o livro \u201cFucus\u201d que no ensina tr\u00eas focos essenciais que um l\u00edder deve ter:<\/p>\n<p>Foco Interno: o l\u00edder precisa prestar aten\u00e7\u00e3o nos seus sentimentos internos, acreditar nos sentimentos n\u00e3o racionais. Perceber a sensa\u00e7\u00e3o estranha que se sente quando alguma coisa n\u00e3o vai dar certo naquele neg\u00f3cio ou decis\u00e3o. Os grandes l\u00edderes conhecem, obedecem e respeitam essas rea\u00e7\u00f5es internas.<\/p>\n<p>Foco da Empatia:\u00a0 o l\u00edder deve aprender a se colocar no lugar das outras pessoas praticando tr\u00eas tipos de empatia:<\/p>\n<ol>\n<li>Empatia Cognitiva: quando o l\u00edder procura entender as raz\u00f5es e argumenta\u00e7\u00f5es das pessoas, dialogando com elas e buscando a compreens\u00e3o racional da situa\u00e7\u00e3o;<\/li>\n<li>Empatia Emocional: quando o l\u00edder procura entender como as pessoas est\u00e3o se sentindo em determinada situa\u00e7\u00e3o e qual o papel das emo\u00e7\u00f5es como influencia;<\/li>\n<li>Empatia de Servir: quando o l\u00edder demonstra \u00e0s pessoas que est\u00e1 disposto a ajud\u00e1-las a solucionar os problemas, demonstrando lealdade e confian\u00e7a.<\/li>\n<\/ol>\n<p>Foco Externo: o l\u00edder precisa entender o sistema no qual est\u00e1 inserido. Deve conhecer os anseios, desejos, vis\u00e3o e necessidades, bem como o que seu condom\u00ednio precisa em termos globais (qual a situa\u00e7\u00e3o atual do pr\u00e9dio relativa a manuten\u00e7\u00e3o, seguran\u00e7a, treinamento de pessoas, etc), e precisa aprender a trabalhar com essa vis\u00e3o sist\u00eamica.<\/p>\n<p>O sindico, precisa para ser um l\u00edder eficaz, precisa prestar muita aten\u00e7\u00e3o nesses tr\u00eas focos durante sua gest\u00e3o e desenvolver conhecimentos sobre: Planejamento, previs\u00e3o, provis\u00e3o, organiza\u00e7\u00e3o, coordena\u00e7\u00e3o, controle e especialmente na comunica\u00e7\u00e3o para lidar com prioridades e eventualidades, e decidindo sobre o que \u00e9 essencial e precisa a ser feito.<\/p>\n<p>At\u00e9 o pr\u00f3ximo.<\/p>\n","protected":false},"excerpt":{"rendered":"<p>Tendo um expressivo n\u00famero de sugest\u00f5es para abordarmos, vamos buscar atender a todos, aproveitamos para agradecer a aceita\u00e7\u00e3o de nossa modesta coluna. Viol\u00eancia: devemos analis\u00e1-la sob dois aspectos: viol\u00eancia externa (rua) que \u00e9 de responsabilidade dos poderes p\u00fablicos Municipal, Estadual e Federal. Da\u00ed nos condom\u00ednios, \u00e9 preciso ter porteiros treinados de forma continuada e realizar [&hellip;]<\/p>\n","protected":false},"author":96,"featured_media":97691,"comment_status":"closed","ping_status":"closed","sticky":false,"template":"","format":"standard","meta":{"footnotes":""},"categories":[435,297,439],"tags":[],"class_list":["post-147352","post","type-post","status-publish","format-standard","has-post-thumbnail","hentry","category-colunas","category-jose-maria-braz-pereira","category-ultima-hora"],"_links":{"self":[{"href":"https:\/\/diarioregionaldigital.com.br\/index.php?rest_route=\/wp\/v2\/posts\/147352","targetHints":{"allow":["GET"]}}],"collection":[{"href":"https:\/\/diarioregionaldigital.com.br\/index.php?rest_route=\/wp\/v2\/posts"}],"about":[{"href":"https:\/\/diarioregionaldigital.com.br\/index.php?rest_route=\/wp\/v2\/types\/post"}],"author":[{"embeddable":true,"href":"https:\/\/diarioregionaldigital.com.br\/index.php?rest_route=\/wp\/v2\/users\/96"}],"replies":[{"embeddable":true,"href":"https:\/\/diarioregionaldigital.com.br\/index.php?rest_route=%2Fwp%2Fv2%2Fcomments&post=147352"}],"version-history":[{"count":0,"href":"https:\/\/diarioregionaldigital.com.br\/index.php?rest_route=\/wp\/v2\/posts\/147352\/revisions"}],"wp:featuredmedia":[{"embeddable":true,"href":"https:\/\/diarioregionaldigital.com.br\/index.php?rest_route=\/wp\/v2\/media\/97691"}],"wp:attachment":[{"href":"https:\/\/diarioregionaldigital.com.br\/index.php?rest_route=%2Fwp%2Fv2%2Fmedia&parent=147352"}],"wp:term":[{"taxonomy":"category","embeddable":true,"href":"https:\/\/diarioregionaldigital.com.br\/index.php?rest_route=%2Fwp%2Fv2%2Fcategories&post=147352"},{"taxonomy":"post_tag","embeddable":true,"href":"https:\/\/diarioregionaldigital.com.br\/index.php?rest_route=%2Fwp%2Fv2%2Ftags&post=147352"}],"curies":[{"name":"wp","href":"https:\/\/api.w.org\/{rel}","templated":true}]}}