{"id":147341,"date":"2019-09-08T05:58:08","date_gmt":"2019-09-08T08:58:08","guid":{"rendered":"https:\/\/diarioregionaldigital.com.br\/?p=147341"},"modified":"2019-09-05T18:25:54","modified_gmt":"2019-09-05T21:25:54","slug":"vereadores-discutem-com-a-pjf-quais-projetos-serao-indicados-para-negociacao-entre-antt-e-mrs","status":"publish","type":"post","link":"https:\/\/diarioregionaldigital.com.br\/?p=147341","title":{"rendered":"Vereadores discutem com a PJF quais projetos ser\u00e3o indicados para negocia\u00e7\u00e3o entre ANTT e MRS"},"content":{"rendered":"<p>Encerra-se em 13 de setembro o prazo para que os Munic\u00edpios encaminhem \u00e0 Ag\u00eancia Nacional de Transportes Terrestres (ANTT) as suas prioridades para receber os investimentos da MRS Log\u00edstica como contrapartida da renova\u00e7\u00e3o do contrato de concess\u00e3o do uso da linha f\u00e9rrea. Na tarde de segunda-feira, 02, os vereadores Z\u00e9 M\u00e1rcio Garotinho (PV), Juraci Scheffer (PT), Kennedy Ribeiro (MDB), Wagner do Sindicato (PTB) estiveram em reuni\u00e3o na Prefeitura para obter informa\u00e7\u00f5es acerca dos investimentos que j\u00e1 foram feitos pela MRS e quais os futuros projetos. Estiveram presentes tamb\u00e9m o secret\u00e1rio de Transporte e Tr\u00e2nsito, Eduardo Facio e o representante da Secretaria de Governo, Tiago Barbosa de Castro.<\/p>\n<p>A Comiss\u00e3o de Urbanismo, representada pelos vereadores Z\u00e9 M\u00e1rcio Garotinho e Kennedy Ribeiro, apresentou um of\u00edcio assinado juntamente com os vereadores Juraci Scheffer e Wagner do Sindicato, membros da Comiss\u00e3o Especial que faz o acompanhamento da renova\u00e7\u00e3o da concess\u00e3o. No texto, os parlamentares externam o cumprimento fiscalizat\u00f3rio do Poder Legislativo e em conson\u00e2ncia com o dever de zelar pelos assuntos referentes \u00e0 renova\u00e7\u00e3o, &#8220;faz-se necess\u00e1rio um acompanhamento de todas as etapas de atua\u00e7\u00e3o do Poder Executivo local visando preservar os interesses da cidade.\u201d<\/p>\n<p>Entre os assuntos, h\u00e1 questionamentos sobre quais obras j\u00e1 foram feitas com participa\u00e7\u00e3o da MRS em Juiz de Fora, em virtude da concess\u00e3o passada;\u00a0 quais a\u00e7\u00f5es a empresa atuou como executora, elaborando projeto e concluindo a obra com seus pr\u00f3prios recursos; qual o volume estimado de recursos investidos na cidade; se atualmente h\u00e1 a\u00e7\u00f5es sendo desenvolvidas em parceria com a MRS e se em caso de descumprimento de cronograma, quais medidas o Executivo adota para cobran\u00e7a; entre outras indaga\u00e7\u00f5es.<\/p>\n<p>O presidente da Comiss\u00e3o de Urbanismo, Z\u00e9 M\u00e1rcio &#8211; Garotinho refor\u00e7a a import\u00e2ncia das reuni\u00f5es para que as informa\u00e7\u00f5es cheguem de forma oficial e as demandas da popula\u00e7\u00e3o sejam inclu\u00eddas no debate. \u201cN\u00f3s precisamos desse levantamento essa semana ainda, porque o prazo final para encaminhamento \u00e9 13 de setembro, ficou acordado que vamos sentar novamente com a Prefeitura para continuar a discuss\u00e3o do tema\u201d, declarou.<\/p>\n<p>Juraci Scheffer defende que dos 2,2 bilh\u00f5es de reais em investimentos que Minas Gerais ir\u00e1 receber da MRS, Juiz de Fora deve ser contemplada com uma quantia\u00a0 relevante. \u201cVejo que a cidade tem que ser agraciada com um valor significativo pela import\u00e2ncia que a cidade ocupa geograficamente, nos 22 quil\u00f4metros de linha f\u00e9rrea\u201d, observando que os vereadores est\u00e3o atentos aos transtornos que a cidade enfrenta. \u201cTemos que ver as obras que s\u00e3o necess\u00e1rias, interven\u00e7\u00f5es urbanas, viadutos, pontes, a parte de drenagem, algumas transposi\u00e7\u00f5es f\u00e9rreas s\u00e3o necess\u00e1rias tamb\u00e9m\u201d, finalizou.<\/p>\n<p>Kennedy observa que a popula\u00e7\u00e3o est\u00e1 mobilizada para acompanhar as negocia\u00e7\u00f5es. \u201cN\u00f3s temos muitas prioridades aqui no nosso Munic\u00edpio, a popula\u00e7\u00e3o est\u00e1 mobilizada, n\u00f3s j\u00e1 tivemos v\u00e1rias reuni\u00f5es na C\u00e2mara, como audi\u00eancias p\u00fablicas. Temos v\u00e1rios pontos de alagamento, temos pontos de passagem de n\u00edvel que atrapalham o tr\u00e2nsito aqui na cidade e tudo isso a gente sabe que tem solu\u00e7\u00e3o. Precisamos aproveitar essa concess\u00e3o que est\u00e1 para acontecer, de mais 30 anos da linha f\u00e9rrea passando aqui em Juiz de Fora para conseguirmos o m\u00e1ximo poss\u00edvel de benef\u00edcios para o nosso Munic\u00edpio\u201d, declarou o vereador.<\/p>\n<p>Em prol da coletividade, Wagner do Sindicato ressalta a import\u00e2ncia da uni\u00e3o entre os poderes para solucionar os problemas de mobilidade urbana na cidade. \u201cN\u00f3s representamos o povo (&#8230;) a necessidade \u00e9 urgente e calhou agora a discuss\u00e3o da renova\u00e7\u00e3o da concess\u00e3o, ent\u00e3o chegou o momento de nos debru\u00e7armos sobre o assunto, Prefeitura, C\u00e2mara e realmente chegarmos a um modelo que contemple nossa cidade, nosso povo\u201d finalizou.<\/p>\n<p>Caso possua d\u00favidas ou sugest\u00f5es envie para o e-mail da Comiss\u00e3o de Urbanismo:\u00a0<a href=\"mailto:participecomissaourbanismo@camarajf.mg.gov.br\">participecomissaourbanismo@camarajf.mg.gov.br<\/a><\/p>\n<p>&nbsp;<\/p>\n<p>&nbsp;<\/p>\n<p>Fonte: CMJF<\/p>\n","protected":false},"excerpt":{"rendered":"<p>Encerra-se em 13 de setembro o prazo para que os Munic\u00edpios encaminhem \u00e0 Ag\u00eancia Nacional de Transportes Terrestres (ANTT) as suas prioridades para receber os investimentos da MRS Log\u00edstica como contrapartida da renova\u00e7\u00e3o do contrato de concess\u00e3o do uso da linha f\u00e9rrea. Na tarde de segunda-feira, 02, os vereadores Z\u00e9 M\u00e1rcio Garotinho (PV), Juraci Scheffer [&hellip;]<\/p>\n","protected":false},"author":96,"featured_media":147345,"comment_status":"closed","ping_status":"closed","sticky":false,"template":"","format":"standard","meta":{"footnotes":""},"categories":[253,436,440,439],"tags":[],"class_list":["post-147341","post","type-post","status-publish","format-standard","has-post-thumbnail","hentry","category-cidade","category-destaque-da-semana","category-destaques-do-dia","category-ultima-hora"],"_links":{"self":[{"href":"https:\/\/diarioregionaldigital.com.br\/index.php?rest_route=\/wp\/v2\/posts\/147341","targetHints":{"allow":["GET"]}}],"collection":[{"href":"https:\/\/diarioregionaldigital.com.br\/index.php?rest_route=\/wp\/v2\/posts"}],"about":[{"href":"https:\/\/diarioregionaldigital.com.br\/index.php?rest_route=\/wp\/v2\/types\/post"}],"author":[{"embeddable":true,"href":"https:\/\/diarioregionaldigital.com.br\/index.php?rest_route=\/wp\/v2\/users\/96"}],"replies":[{"embeddable":true,"href":"https:\/\/diarioregionaldigital.com.br\/index.php?rest_route=%2Fwp%2Fv2%2Fcomments&post=147341"}],"version-history":[{"count":0,"href":"https:\/\/diarioregionaldigital.com.br\/index.php?rest_route=\/wp\/v2\/posts\/147341\/revisions"}],"wp:featuredmedia":[{"embeddable":true,"href":"https:\/\/diarioregionaldigital.com.br\/index.php?rest_route=\/wp\/v2\/media\/147345"}],"wp:attachment":[{"href":"https:\/\/diarioregionaldigital.com.br\/index.php?rest_route=%2Fwp%2Fv2%2Fmedia&parent=147341"}],"wp:term":[{"taxonomy":"category","embeddable":true,"href":"https:\/\/diarioregionaldigital.com.br\/index.php?rest_route=%2Fwp%2Fv2%2Fcategories&post=147341"},{"taxonomy":"post_tag","embeddable":true,"href":"https:\/\/diarioregionaldigital.com.br\/index.php?rest_route=%2Fwp%2Fv2%2Ftags&post=147341"}],"curies":[{"name":"wp","href":"https:\/\/api.w.org\/{rel}","templated":true}]}}