{"id":147340,"date":"2019-09-08T05:59:05","date_gmt":"2019-09-08T08:59:05","guid":{"rendered":"https:\/\/diarioregionaldigital.com.br\/?p=147340"},"modified":"2019-09-05T18:21:25","modified_gmt":"2019-09-05T21:21:25","slug":"defesa-civil-faz-planejamento-estrategico-para-acoes-a-curto-medio-e-longo-prazo","status":"publish","type":"post","link":"https:\/\/diarioregionaldigital.com.br\/?p=147340","title":{"rendered":"Defesa Civil faz planejamento estrat\u00e9gico para a\u00e7\u00f5es a curto, m\u00e9dio e longo prazo"},"content":{"rendered":"<p>A Defesa Civil de Juiz de Fora elaborou um plano de a\u00e7\u00e3o onde define metas, prazos e or\u00e7amento para a\u00e7\u00f5es a serem implementadas a curto, m\u00e9dio e longo prazo, em tr\u00eas n\u00edveis: estrat\u00e9gico, t\u00e1tico e operacional. A iniciativa ser\u00e1 apresentada ao prefeito Ant\u00f4nio Almas.<\/p>\n<p>A ideia foi proposta pelo secret\u00e1rio de Seguran\u00e7a P\u00fablica e Cidadania, Jos\u00e9 S\u00f3ter de Figueir\u00f4a, baseada no m\u00e9todo \u201cSwot\u201d, sigla em ingl\u00eas para \u201cfor\u00e7as\u201d (strengths), \u201cfraquezas\u201d (weakness), \u201coportunidades\u201d (opportunities) e \u201camea\u00e7as\u201d (threats).<\/p>\n<p>De acordo com o subsecret\u00e1rio da Defesa Civil, Jefferson Rodrigues, o planejamento estrat\u00e9gico auxilia no trabalho interno e externo do \u00f3rg\u00e3o, al\u00e9m de elencar responsabilidades: &#8220;Uma das metas essenciais \u00e9 a reestrutura\u00e7\u00e3o da Defesa Civil, e um dos principais pontos \u00e9 a designa\u00e7\u00e3o do respons\u00e1vel para cada ponto do plano, pois a pessoa fica focada naquele assunto, e todos ficam ativos no processo, integrando ainda mais a equipe. Semanalmente analisamos as metas e os pr\u00f3ximos passos a serem dados&#8221;, disse atrav\u00e9s da assessoria.<\/p>\n<p>Conforme as informa\u00e7\u00f5es, 29 metas foram estabelecidas, como a capta\u00e7\u00e3o de recursos para a Defesa Civil, que podem viabilizar a instala\u00e7\u00e3o, amplia\u00e7\u00e3o e divulga\u00e7\u00e3o do sistema de alerta e alarme, para monitoriza\u00e7\u00e3o das situa\u00e7\u00f5es de risco, formaliza\u00e7\u00e3o de conv\u00eanios e parcerias com institui\u00e7\u00f5es de ensino superior e elabora\u00e7\u00e3o e atualiza\u00e7\u00e3o do Plano de Conting\u00eancia, de acordo com a classifica\u00e7\u00e3o geral dos desastres, entre outras.<\/p>\n<p>Sobre esta \u00faltima meta aconteceu, na ter\u00e7a-feira, 3, a primeira reuni\u00e3o, antes do pr\u00f3ximo per\u00edodo chuvoso (outubro a mar\u00e7o), com os representantes do Sistema Municipal de Conting\u00eancia, composto por representantes de todas as secretarias da administra\u00e7\u00e3o municipal direta e indireta e de \u00f3rg\u00e3os parceiros ligados \u00e0 resposta ao desastre, como Corpo de Bombeiros e Servi\u00e7o de Atendimento M\u00f3vel de Urg\u00eancia (Samu). O encontro teve como objetivo alinhar a responsabilidade de cada um na resposta ao desastre.<\/p>\n","protected":false},"excerpt":{"rendered":"<p>A Defesa Civil de Juiz de Fora elaborou um plano de a\u00e7\u00e3o onde define metas, prazos e or\u00e7amento para a\u00e7\u00f5es a serem implementadas a curto, m\u00e9dio e longo prazo, em tr\u00eas n\u00edveis: estrat\u00e9gico, t\u00e1tico e operacional. A iniciativa ser\u00e1 apresentada ao prefeito Ant\u00f4nio Almas. A ideia foi proposta pelo secret\u00e1rio de Seguran\u00e7a P\u00fablica e Cidadania, [&hellip;]<\/p>\n","protected":false},"author":96,"featured_media":147344,"comment_status":"closed","ping_status":"closed","sticky":false,"template":"","format":"standard","meta":{"footnotes":""},"categories":[253,436,440,439],"tags":[],"class_list":["post-147340","post","type-post","status-publish","format-standard","has-post-thumbnail","hentry","category-cidade","category-destaque-da-semana","category-destaques-do-dia","category-ultima-hora"],"_links":{"self":[{"href":"https:\/\/diarioregionaldigital.com.br\/index.php?rest_route=\/wp\/v2\/posts\/147340","targetHints":{"allow":["GET"]}}],"collection":[{"href":"https:\/\/diarioregionaldigital.com.br\/index.php?rest_route=\/wp\/v2\/posts"}],"about":[{"href":"https:\/\/diarioregionaldigital.com.br\/index.php?rest_route=\/wp\/v2\/types\/post"}],"author":[{"embeddable":true,"href":"https:\/\/diarioregionaldigital.com.br\/index.php?rest_route=\/wp\/v2\/users\/96"}],"replies":[{"embeddable":true,"href":"https:\/\/diarioregionaldigital.com.br\/index.php?rest_route=%2Fwp%2Fv2%2Fcomments&post=147340"}],"version-history":[{"count":0,"href":"https:\/\/diarioregionaldigital.com.br\/index.php?rest_route=\/wp\/v2\/posts\/147340\/revisions"}],"wp:featuredmedia":[{"embeddable":true,"href":"https:\/\/diarioregionaldigital.com.br\/index.php?rest_route=\/wp\/v2\/media\/147344"}],"wp:attachment":[{"href":"https:\/\/diarioregionaldigital.com.br\/index.php?rest_route=%2Fwp%2Fv2%2Fmedia&parent=147340"}],"wp:term":[{"taxonomy":"category","embeddable":true,"href":"https:\/\/diarioregionaldigital.com.br\/index.php?rest_route=%2Fwp%2Fv2%2Fcategories&post=147340"},{"taxonomy":"post_tag","embeddable":true,"href":"https:\/\/diarioregionaldigital.com.br\/index.php?rest_route=%2Fwp%2Fv2%2Ftags&post=147340"}],"curies":[{"name":"wp","href":"https:\/\/api.w.org\/{rel}","templated":true}]}}