{"id":147275,"date":"2019-09-08T06:00:59","date_gmt":"2019-09-08T09:00:59","guid":{"rendered":"https:\/\/diarioregionaldigital.com.br\/?p=147275"},"modified":"2019-09-05T15:45:13","modified_gmt":"2019-09-05T18:45:13","slug":"brasil-e-2o-no-mundo-em-perdas-por-ataques-ciberneticos-aponta-audiencia","status":"publish","type":"post","link":"https:\/\/diarioregionaldigital.com.br\/?p=147275","title":{"rendered":"Brasil \u00e9 2\u00ba no mundo em perdas por ataques cibern\u00e9ticos, aponta audi\u00eancia"},"content":{"rendered":"<p>O Brasil ocupa a 70\u00ba coloca\u00e7\u00e3o no \u00edndice de seguran\u00e7a cibern\u00e9tica da Uni\u00e3o Internacional de Telecomunica\u00e7\u00f5es (ITU, na sigla em ingl\u00eas), \u00f3rg\u00e3o da Organiza\u00e7\u00e3o das Na\u00e7\u00f5es Unidas (ONU) que coordena esfor\u00e7os nesta \u00e1rea. Essa situa\u00e7\u00e3o de fragilidade faz com que o pa\u00eds seja hoje o segundo no mundo que mais tem sofrido perdas econ\u00f4micas advindas de ataques cibern\u00e9ticos. Segundo os dados mais recentes da ITU, numa medi\u00e7\u00e3o de 12 meses entre 2017 e 2018, os preju\u00edzos advindos dos ataques cibern\u00e9ticos no Brasil ultrapassaram US$ 20 bilh\u00f5es (mais de R$ 80 bilh\u00f5es).<\/p>\n<p>Os dados foram trazidos \u00e0 Comiss\u00e3o de Rela\u00e7\u00f5es Exteriores e Defesa Nacional (CRE) pelo coronel Arthur Sabbat, do Gabinete de Seguran\u00e7a Institucional (GSI) da Presid\u00eancia da Rep\u00fablica. A CRE realizou na \u00faltima quinta-feira (5) a primeira audi\u00eancia sobre o tema, que ser\u00e3o seguidas por outras audi\u00eancias, dilig\u00eancias e visitas t\u00e9cnicas. A seguran\u00e7a cibern\u00e9tica \u00e9 a pol\u00edtica p\u00fablica monitorada pela CRE em 2019, num trabalho que tem o senador Esperidi\u00e3o Amin (PP-SC) como relator. Ao final do ano, Amin far\u00e1 um relat\u00f3rio contendo propostas legislativas visando incrementar a infraestrutura brasileira do setor.<\/p>\n<p>\u2014 Especialistas avaliam que o mercado de seguran\u00e7a cibern\u00e9tica alcan\u00e7ar\u00e1 US$ 151 bilh\u00f5es em 2020, no mundo todo. Um indicativo claro da prioridade que j\u00e1 vem sendo dada mundialmente a esta quest\u00e3o. E aqui no Brasil a seguran\u00e7a dessa \u00e1rea n\u00e3o se encontra no n\u00edvel desejado. No ano passado, 70 milh\u00f5es de brasileiros foram v\u00edtimas de il\u00edcitos cibern\u00e9ticos. \u00c9 nesse montante que as perdas chegam a US$ 20 bilh\u00f5es \u2014 detalhou Sabbat.<\/p>\n<p>O gargalo apresentado pelo Brasil torna-se ainda mais grave, frisa o coronel do GSI, pelo fato de 100% dos \u00f3rg\u00e3os federais e estaduais utilizarem a Internet. A rede mundial tamb\u00e9m est\u00e1 presente em 80% das casas do pa\u00eds, chegando a 116 milh\u00f5es de usu\u00e1rios. O \u00edndice de utiliza\u00e7\u00e3o da internet entre as empresas tamb\u00e9m \u00e9 quase pleno: 98%.<\/p>\n<p>Or\u00e7amento maior<\/p>\n<p>Provocado por Esperidi\u00e3o Amin, o comandante de Defesa Cibern\u00e9tica do Ex\u00e9rcito, general Guido Amin, revelou que haver\u00e1 um incremento or\u00e7ament\u00e1rio para seu setor, j\u00e1 indicado no Plano Plurianual 2020-2023. Para o ano que vem, os repasses previstos s\u00e3o de R$ 60 milh\u00f5es, mas a partir de 2021 o montante dever\u00e1 passar a R$ 150 milh\u00f5es anualmente.<\/p>\n<p>\u2014 L\u00e1 no Comando [do Ex\u00e9rcito] eu pro\u00edbo o pessoal de pronunciar a express\u00e3o &#8220;s\u00e9rie hist\u00f3rica&#8221;. Porque viemos de uma s\u00e9rie hist\u00f3rica de or\u00e7amentos realmente bastante acanhada. Por culpa tamb\u00e9m de uma demanda n\u00e3o muito bem estruturada. Mas esse gap est\u00e1 suprido pela atualiza\u00e7\u00e3o do planejamento estrat\u00e9gico, permitindo o avan\u00e7o or\u00e7ament\u00e1rio. A cibern\u00e9tica n\u00e3o \u00e9 t\u00e3o cara quando comparada a outras necessidades do Ex\u00e9rcito, e os valores propostos nos permitir\u00e3o investimentos eficientes. Esperamos que nossa proposta sobreviva nas leis or\u00e7ament\u00e1rias at\u00e9 2023 \u2014 deixou claro o general.<\/p>\n<p>Tamb\u00e9m participou da audi\u00eancia o coronel \u00c9ric C\u00f3len, representando o Comando da Aeron\u00e1utica. Segundo ele, a cibern\u00e9tica ser\u00e1 cada vez mais utilizada nos conflitos internacionais, com potencial de provocar enormes danos.<\/p>\n<p>\u2014 A cibern\u00e9tica ser\u00e1 mundialmente, efetivamente, uma arma de guerra. Tanto para proteger quanto para outras atividades. Estamos modelando o Centro de Defesa Cibern\u00e9tica, que j\u00e1 nascer\u00e1 com essa perspectiva em mente. Vamos tirar esta \u00e1rea na For\u00e7a A\u00e9rea da Tecnologia de Informa\u00e7\u00e3o e migrar para um comando operacional, onde temos a prontid\u00e3o para a pronta-resposta, para o que precisarmos no emprego da cibern\u00e9tica \u2014 explicou C\u00f3len.<\/p>\n<p><strong>Leros<\/strong><\/p>\n<p>O presidente da CRE, senador Nelsinho Trad (PSD-MS), comunicou que foi criada uma subcomiss\u00e3o tempor\u00e1ria para, no prazo de 60 dias, &#8220;informar-se inteiramente sobre a tentativa de favorecimento ilegal a uma empresa brasileira que atua no mercado de energia: a Leros&#8221;.<\/p>\n<p>\u2014 Foi prometida a essa empresa a venda da energia excedente do Paraguai no mercado livre de energia brasileiro, a pre\u00e7os e condi\u00e7\u00f5es imbat\u00edveis, gerando grande sensibilidade pol\u00edtica no contexto das rela\u00e7\u00f5es bilaterais Brasil-Paraguai \u2014 prosseguiu Nelsinho no seu comunicado.<\/p>\n<p>Fazem parte da subcomiss\u00e3o, al\u00e9m do pr\u00f3prio presidente da CRE, os senadores Jaques Wagner (PT-BA) e Telm\u00e1rio Mota (Pros-RR).<\/p>\n<p>&nbsp;<\/p>\n<p>Fonte: Ag\u00eancia Senado<\/p>\n","protected":false},"excerpt":{"rendered":"<p>O Brasil ocupa a 70\u00ba coloca\u00e7\u00e3o no \u00edndice de seguran\u00e7a cibern\u00e9tica da Uni\u00e3o Internacional de Telecomunica\u00e7\u00f5es (ITU, na sigla em ingl\u00eas), \u00f3rg\u00e3o da Organiza\u00e7\u00e3o das Na\u00e7\u00f5es Unidas (ONU) que coordena esfor\u00e7os nesta \u00e1rea. Essa situa\u00e7\u00e3o de fragilidade faz com que o pa\u00eds seja hoje o segundo no mundo que mais tem sofrido perdas econ\u00f4micas advindas [&hellip;]<\/p>\n","protected":false},"author":96,"featured_media":147272,"comment_status":"closed","ping_status":"closed","sticky":false,"template":"","format":"standard","meta":{"footnotes":""},"categories":[436,254,439],"tags":[],"class_list":["post-147275","post","type-post","status-publish","format-standard","has-post-thumbnail","hentry","category-destaque-da-semana","category-politica","category-ultima-hora"],"_links":{"self":[{"href":"https:\/\/diarioregionaldigital.com.br\/index.php?rest_route=\/wp\/v2\/posts\/147275","targetHints":{"allow":["GET"]}}],"collection":[{"href":"https:\/\/diarioregionaldigital.com.br\/index.php?rest_route=\/wp\/v2\/posts"}],"about":[{"href":"https:\/\/diarioregionaldigital.com.br\/index.php?rest_route=\/wp\/v2\/types\/post"}],"author":[{"embeddable":true,"href":"https:\/\/diarioregionaldigital.com.br\/index.php?rest_route=\/wp\/v2\/users\/96"}],"replies":[{"embeddable":true,"href":"https:\/\/diarioregionaldigital.com.br\/index.php?rest_route=%2Fwp%2Fv2%2Fcomments&post=147275"}],"version-history":[{"count":0,"href":"https:\/\/diarioregionaldigital.com.br\/index.php?rest_route=\/wp\/v2\/posts\/147275\/revisions"}],"wp:featuredmedia":[{"embeddable":true,"href":"https:\/\/diarioregionaldigital.com.br\/index.php?rest_route=\/wp\/v2\/media\/147272"}],"wp:attachment":[{"href":"https:\/\/diarioregionaldigital.com.br\/index.php?rest_route=%2Fwp%2Fv2%2Fmedia&parent=147275"}],"wp:term":[{"taxonomy":"category","embeddable":true,"href":"https:\/\/diarioregionaldigital.com.br\/index.php?rest_route=%2Fwp%2Fv2%2Fcategories&post=147275"},{"taxonomy":"post_tag","embeddable":true,"href":"https:\/\/diarioregionaldigital.com.br\/index.php?rest_route=%2Fwp%2Fv2%2Ftags&post=147275"}],"curies":[{"name":"wp","href":"https:\/\/api.w.org\/{rel}","templated":true}]}}