{"id":147271,"date":"2019-09-08T06:00:08","date_gmt":"2019-09-08T09:00:08","guid":{"rendered":"https:\/\/diarioregionaldigital.com.br\/?p=147271"},"modified":"2019-09-05T15:42:29","modified_gmt":"2019-09-05T18:42:29","slug":"campanha-de-prevencao-a-violencia-domestica-pode-ser-obrigatoria-em-escolas","status":"publish","type":"post","link":"https:\/\/diarioregionaldigital.com.br\/?p=147271","title":{"rendered":"Campanha de preven\u00e7\u00e3o \u00e0 viol\u00eancia dom\u00e9stica pode ser obrigat\u00f3ria em escolas"},"content":{"rendered":"<p>A Comiss\u00e3o de Direitos Humanos e Legisla\u00e7\u00e3o Participativa (CDH) aprovou, na quinta-feira (5), projeto de lei que institui campanhas de conscientiza\u00e7\u00e3o e preven\u00e7\u00e3o da viol\u00eancia dom\u00e9stica e familiar em escolas p\u00fablicas e privadas.<\/p>\n<p>O Projeto de Lei (PL)<a href=\"http:\/\/www25.senado.leg.br\/web\/atividade\/materias\/-\/materia\/136992\"> 3.154\/2019<\/a>, de autoria do senador Nelsinho Trad (PSD-MS), acrescenta tr\u00eas novos par\u00e1grafos ao art. 35 da Lei Maria da Penha (<a href=\"http:\/\/www.planalto.gov.br\/ccivil_03\/_ato2004-2006\/2006\/lei\/l11340.htm\">Lei 11.340, de 2006<\/a>), para determinar a realiza\u00e7\u00e3o anual de campanhas educativas contra a viol\u00eancia dom\u00e9stica, com \u00eanfase no ensino m\u00e9dio.<\/p>\n<p>O texto prev\u00ea ainda a participa\u00e7\u00e3o de institui\u00e7\u00f5es n\u00e3o governamentais, empresas p\u00fablicas e privadas, associa\u00e7\u00f5es civis, movimentos sociais, conselhos de direitos e conselhos de classe na realiza\u00e7\u00e3o das campanhas educativas.<\/p>\n<p>De acordo com Nelsinho Trad, a prioridade para a realiza\u00e7\u00e3o das a\u00e7\u00f5es no ensino m\u00e9dio se deve ao fato de que \u00e9 principalmente neste n\u00edvel da educa\u00e7\u00e3o b\u00e1sica, que os adolescentes consolidam em sua personalidade os pap\u00e9is sociais de g\u00eanero que assumir\u00e3o na vida adulta.<\/p>\n<p>O PL foi relatado na CDH pela senadora Mailza Gomes (PP-AC), que se manifestou a favor da aprova\u00e7\u00e3o da mat\u00e9ria. Para a relatora, a proposta insere em uma lei punitiva, uma a\u00e7\u00e3o de educa\u00e7\u00e3o \u201cconcreta e diretiva\u201d.<\/p>\n<p>\u2014 A proposi\u00e7\u00e3o formula suas metas com simplicidade, clareza e objetividade. Tamb\u00e9m a argumenta\u00e7\u00e3o pela necessidade da abordagem do problema nas escolas, e isso em todos os n\u00edveis, \u00e9 convincente e esclarecedora \u2014 elogiou.<\/p>\n<p>O projeto segue agora para an\u00e1lise da Comiss\u00e3o de Educa\u00e7\u00e3o (CE), onde ser\u00e1 votado em decis\u00e3o terminativa.<\/p>\n<p>Fonte: Ag\u00eancia Senado<\/p>\n","protected":false},"excerpt":{"rendered":"<p>A Comiss\u00e3o de Direitos Humanos e Legisla\u00e7\u00e3o Participativa (CDH) aprovou, na quinta-feira (5), projeto de lei que institui campanhas de conscientiza\u00e7\u00e3o e preven\u00e7\u00e3o da viol\u00eancia dom\u00e9stica e familiar em escolas p\u00fablicas e privadas. O Projeto de Lei (PL) 3.154\/2019, de autoria do senador Nelsinho Trad (PSD-MS), acrescenta tr\u00eas novos par\u00e1grafos ao art. 35 da Lei [&hellip;]<\/p>\n","protected":false},"author":96,"featured_media":147273,"comment_status":"closed","ping_status":"closed","sticky":false,"template":"","format":"standard","meta":{"footnotes":""},"categories":[436,254,439],"tags":[],"class_list":["post-147271","post","type-post","status-publish","format-standard","has-post-thumbnail","hentry","category-destaque-da-semana","category-politica","category-ultima-hora"],"_links":{"self":[{"href":"https:\/\/diarioregionaldigital.com.br\/index.php?rest_route=\/wp\/v2\/posts\/147271","targetHints":{"allow":["GET"]}}],"collection":[{"href":"https:\/\/diarioregionaldigital.com.br\/index.php?rest_route=\/wp\/v2\/posts"}],"about":[{"href":"https:\/\/diarioregionaldigital.com.br\/index.php?rest_route=\/wp\/v2\/types\/post"}],"author":[{"embeddable":true,"href":"https:\/\/diarioregionaldigital.com.br\/index.php?rest_route=\/wp\/v2\/users\/96"}],"replies":[{"embeddable":true,"href":"https:\/\/diarioregionaldigital.com.br\/index.php?rest_route=%2Fwp%2Fv2%2Fcomments&post=147271"}],"version-history":[{"count":0,"href":"https:\/\/diarioregionaldigital.com.br\/index.php?rest_route=\/wp\/v2\/posts\/147271\/revisions"}],"wp:featuredmedia":[{"embeddable":true,"href":"https:\/\/diarioregionaldigital.com.br\/index.php?rest_route=\/wp\/v2\/media\/147273"}],"wp:attachment":[{"href":"https:\/\/diarioregionaldigital.com.br\/index.php?rest_route=%2Fwp%2Fv2%2Fmedia&parent=147271"}],"wp:term":[{"taxonomy":"category","embeddable":true,"href":"https:\/\/diarioregionaldigital.com.br\/index.php?rest_route=%2Fwp%2Fv2%2Fcategories&post=147271"},{"taxonomy":"post_tag","embeddable":true,"href":"https:\/\/diarioregionaldigital.com.br\/index.php?rest_route=%2Fwp%2Fv2%2Ftags&post=147271"}],"curies":[{"name":"wp","href":"https:\/\/api.w.org\/{rel}","templated":true}]}}