{"id":147256,"date":"2019-09-08T06:00:53","date_gmt":"2019-09-08T09:00:53","guid":{"rendered":"https:\/\/diarioregionaldigital.com.br\/?p=147256"},"modified":"2019-09-05T13:59:00","modified_gmt":"2019-09-05T16:59:00","slug":"inflacao-para-familias-com-renda-mais-baixa-cai-em-agosto","status":"publish","type":"post","link":"https:\/\/diarioregionaldigital.com.br\/?p=147256","title":{"rendered":"Infla\u00e7\u00e3o para fam\u00edlias com renda mais baixa cai em agosto"},"content":{"rendered":"<p>O \u00cdndice de Pre\u00e7os ao Consumidor \u2013 Classe 1 (IPC-C1), que mede a varia\u00e7\u00e3o da cesta de consumo para fam\u00edlias com renda at\u00e9 2,5 sal\u00e1rios m\u00ednimos, registrou infla\u00e7\u00e3o de 0,11% em agosto. Segundo a Funda\u00e7\u00e3o Getulio Vargas (FGV), a taxa ficou abaixo do IPC-C1<span id=\"OBJ_PREFIX_DWT717_com_zimbra_date\" role=\"link\">\u00a0de julho<\/span>\u00a0(0,43%).<\/p>\n<p>O indicador acumula taxas de infla\u00e7\u00e3o de 3,28% no ano e de 4,11% no per\u00edodo de 12 meses.<\/p>\n<p>Em agosto, o IPC-C1 ficou abaixo do registrado pelo \u00cdndice de Pre\u00e7os ao Consumidor \u2013 Brasil (IPC-BR), que mede a varia\u00e7\u00e3o da cesta de compras para todas as faixas de renda e que registrou taxa de infla\u00e7\u00e3o de 0,17% no m\u00eas. No acumulado de 12 meses, no entanto, o IPC-C1 ficou acima do IPC-BR, que teve taxa de 3,97%.<\/p>\n<p>Seis das oito classes de despesas componentes do IPC-C1 registraram queda de suas taxas de varia\u00e7\u00e3o: alimenta\u00e7\u00e3o (de 0,20% em julho para -0,46% em agosto), habita\u00e7\u00e3o (de 1,32% para 0,95%), sa\u00fade e cuidados pessoais (de 0,28% para 0,01%), despesas diversas (de 0,40% para -0,07%), educa\u00e7\u00e3o, leitura e recrea\u00e7\u00e3o (de 0,16% para 0,04%) e vestu\u00e1rio (de -0,28% para -0,44%).<\/p>\n<p>Por outro lado, dois grupos tiveram aumento da taxa: transportes (de -0,24% para 0,05%) e comunica\u00e7\u00e3o (de 0,04% para 0,68%).<\/p>\n<p>Fonte: Ag\u00eancia Brasil<\/p>\n","protected":false},"excerpt":{"rendered":"<p>O \u00cdndice de Pre\u00e7os ao Consumidor \u2013 Classe 1 (IPC-C1), que mede a varia\u00e7\u00e3o da cesta de consumo para fam\u00edlias com renda at\u00e9 2,5 sal\u00e1rios m\u00ednimos, registrou infla\u00e7\u00e3o de 0,11% em agosto. Segundo a Funda\u00e7\u00e3o Getulio Vargas (FGV), a taxa ficou abaixo do IPC-C1\u00a0de julho\u00a0(0,43%). O indicador acumula taxas de infla\u00e7\u00e3o de 3,28% no ano [&hellip;]<\/p>\n","protected":false},"author":96,"featured_media":139446,"comment_status":"closed","ping_status":"closed","sticky":false,"template":"","format":"standard","meta":{"footnotes":""},"categories":[436,261,439],"tags":[],"class_list":["post-147256","post","type-post","status-publish","format-standard","has-post-thumbnail","hentry","category-destaque-da-semana","category-economia","category-ultima-hora"],"_links":{"self":[{"href":"https:\/\/diarioregionaldigital.com.br\/index.php?rest_route=\/wp\/v2\/posts\/147256","targetHints":{"allow":["GET"]}}],"collection":[{"href":"https:\/\/diarioregionaldigital.com.br\/index.php?rest_route=\/wp\/v2\/posts"}],"about":[{"href":"https:\/\/diarioregionaldigital.com.br\/index.php?rest_route=\/wp\/v2\/types\/post"}],"author":[{"embeddable":true,"href":"https:\/\/diarioregionaldigital.com.br\/index.php?rest_route=\/wp\/v2\/users\/96"}],"replies":[{"embeddable":true,"href":"https:\/\/diarioregionaldigital.com.br\/index.php?rest_route=%2Fwp%2Fv2%2Fcomments&post=147256"}],"version-history":[{"count":0,"href":"https:\/\/diarioregionaldigital.com.br\/index.php?rest_route=\/wp\/v2\/posts\/147256\/revisions"}],"wp:featuredmedia":[{"embeddable":true,"href":"https:\/\/diarioregionaldigital.com.br\/index.php?rest_route=\/wp\/v2\/media\/139446"}],"wp:attachment":[{"href":"https:\/\/diarioregionaldigital.com.br\/index.php?rest_route=%2Fwp%2Fv2%2Fmedia&parent=147256"}],"wp:term":[{"taxonomy":"category","embeddable":true,"href":"https:\/\/diarioregionaldigital.com.br\/index.php?rest_route=%2Fwp%2Fv2%2Fcategories&post=147256"},{"taxonomy":"post_tag","embeddable":true,"href":"https:\/\/diarioregionaldigital.com.br\/index.php?rest_route=%2Fwp%2Fv2%2Ftags&post=147256"}],"curies":[{"name":"wp","href":"https:\/\/api.w.org\/{rel}","templated":true}]}}