{"id":147119,"date":"2019-09-03T14:31:00","date_gmt":"2019-09-03T17:31:00","guid":{"rendered":"https:\/\/diarioregionaldigital.com.br\/?p=147119"},"modified":"2019-09-03T14:31:00","modified_gmt":"2019-09-03T17:31:00","slug":"petrobras-producao-de-petroleo-e-gas-atinge-3-milhoes-de-barris","status":"publish","type":"post","link":"https:\/\/diarioregionaldigital.com.br\/?p=147119","title":{"rendered":"Petrobras: produ\u00e7\u00e3o de petr\u00f3leo e g\u00e1s atinge 3 milh\u00f5es de barris"},"content":{"rendered":"<p>A produ\u00e7\u00e3o total de petr\u00f3leo e g\u00e1s da Petrobras registrou uma m\u00e9dia di\u00e1ria de 3 milh\u00f5es de barris de \u00f3leo equivalente (boed) em agosto deste ano. O pico da produ\u00e7\u00e3o chegou a 3,1 milh\u00f5es de barris em um dia. De acordo com informa\u00e7\u00f5es divulgadas pela estatal, os valores s\u00e3o recordes.<\/p>\n<p>A m\u00e9dia da produ\u00e7\u00e3o do pr\u00e9-sal tamb\u00e9m registrou recorde em agosto: m\u00e9dia de 2,2 milh\u00f5es de boed, com um pico de 2,5 milh\u00f5es de barris em um dia.<\/p>\n<p>O boed \u00e9 uma medida usada pela ind\u00fastria do petr\u00f3leo para calcular o somat\u00f3rio da produ\u00e7\u00e3o de petr\u00f3leo (que \u00e9 medida em barris) e da produ\u00e7\u00e3o de g\u00e1s (que \u00e9 medida em metros c\u00fabicos).<\/p>\n<p>Fonte: Ag\u00eancia Brasil<\/p>\n","protected":false},"excerpt":{"rendered":"<p>A produ\u00e7\u00e3o total de petr\u00f3leo e g\u00e1s da Petrobras registrou uma m\u00e9dia di\u00e1ria de 3 milh\u00f5es de barris de \u00f3leo equivalente (boed) em agosto deste ano. O pico da produ\u00e7\u00e3o chegou a 3,1 milh\u00f5es de barris em um dia. De acordo com informa\u00e7\u00f5es divulgadas pela estatal, os valores s\u00e3o recordes. A m\u00e9dia da produ\u00e7\u00e3o do [&hellip;]<\/p>\n","protected":false},"author":96,"featured_media":147120,"comment_status":"closed","ping_status":"closed","sticky":false,"template":"","format":"standard","meta":{"footnotes":""},"categories":[436,261,439],"tags":[],"class_list":["post-147119","post","type-post","status-publish","format-standard","has-post-thumbnail","hentry","category-destaque-da-semana","category-economia","category-ultima-hora"],"_links":{"self":[{"href":"https:\/\/diarioregionaldigital.com.br\/index.php?rest_route=\/wp\/v2\/posts\/147119","targetHints":{"allow":["GET"]}}],"collection":[{"href":"https:\/\/diarioregionaldigital.com.br\/index.php?rest_route=\/wp\/v2\/posts"}],"about":[{"href":"https:\/\/diarioregionaldigital.com.br\/index.php?rest_route=\/wp\/v2\/types\/post"}],"author":[{"embeddable":true,"href":"https:\/\/diarioregionaldigital.com.br\/index.php?rest_route=\/wp\/v2\/users\/96"}],"replies":[{"embeddable":true,"href":"https:\/\/diarioregionaldigital.com.br\/index.php?rest_route=%2Fwp%2Fv2%2Fcomments&post=147119"}],"version-history":[{"count":0,"href":"https:\/\/diarioregionaldigital.com.br\/index.php?rest_route=\/wp\/v2\/posts\/147119\/revisions"}],"wp:featuredmedia":[{"embeddable":true,"href":"https:\/\/diarioregionaldigital.com.br\/index.php?rest_route=\/wp\/v2\/media\/147120"}],"wp:attachment":[{"href":"https:\/\/diarioregionaldigital.com.br\/index.php?rest_route=%2Fwp%2Fv2%2Fmedia&parent=147119"}],"wp:term":[{"taxonomy":"category","embeddable":true,"href":"https:\/\/diarioregionaldigital.com.br\/index.php?rest_route=%2Fwp%2Fv2%2Fcategories&post=147119"},{"taxonomy":"post_tag","embeddable":true,"href":"https:\/\/diarioregionaldigital.com.br\/index.php?rest_route=%2Fwp%2Fv2%2Ftags&post=147119"}],"curies":[{"name":"wp","href":"https:\/\/api.w.org\/{rel}","templated":true}]}}