{"id":147116,"date":"2019-09-03T14:22:41","date_gmt":"2019-09-03T17:22:41","guid":{"rendered":"https:\/\/diarioregionaldigital.com.br\/?p=147116"},"modified":"2019-09-03T14:22:41","modified_gmt":"2019-09-03T17:22:41","slug":"lucro-liquido-da-caixa-no-primeiro-semestre-aumenta-222","status":"publish","type":"post","link":"https:\/\/diarioregionaldigital.com.br\/?p=147116","title":{"rendered":"Lucro l\u00edquido da Caixa no primeiro semestre aumenta 22,2%"},"content":{"rendered":"<p>O lucro l\u00edquido da Caixa Econ\u00f4mica Federal cresceu 22,2% no primeiro semestre deste ano em compara\u00e7\u00e3o com o mesmo per\u00edodo de 2018. Segundo o balan\u00e7o do banco divulgado hoje (3), de janeiro a junho, o lucro chegou a R$ 8,1 bilh\u00f5es. No segundo trimestre, o lucro l\u00edquido teve alta de 21,6%, registrando R$ 4,1 bilh\u00f5es.<\/p>\n<h2>Cr\u00e9dito<\/h2>\n<p>A carteira de cr\u00e9dito da Caixa, no entanto, foi reduzida ao longo dos \u00faltimos 12 meses. Em junho deste ano, o banco tinha um saldo de R$ 682,4 bilh\u00f5es em empr\u00e9stimos, 1,9% menor do que o verificado em junho de 2018. De acordo com o balan\u00e7o, a retra\u00e7\u00e3o foi puxada por uma diminui\u00e7\u00e3o de 7,9% no cr\u00e9dito comercial para pessoa f\u00edsica e 30,7% no concedido para empresas. Por outro lado, houve aumento de 3,6% no cr\u00e9dito habitacional e 1,2% no para infraestrutura.<\/p>\n<p>No ramo do cr\u00e9dito imobili\u00e1rio, a Caixa det\u00e9m 69% do mercado, com uma carteira de 452,3 bilh\u00f5es, sendo que desses, R$ 176,1 bilh\u00f5es s\u00e3o com recursos do Fundo de Garantia do Tempo de Servi\u00e7o. Em rela\u00e7\u00e3o ao programa Minha Casa, Minha Vida, foram contratados R$ 17 bilh\u00f5es.<\/p>\n<p>A taxa de inadimpl\u00eancia teve queda de 0,04 ponto percentual em compara\u00e7\u00e3o com o mesmo per\u00edodo de 2018, ficando em 2,46%.<\/p>\n<h2>Ressalva<\/h2>\n<p>O presidente da Caixa, Pedro Guimar\u00e3es, destacou como grande avan\u00e7o a retirada da ressalva do balan\u00e7o do banco pela auditoria respons\u00e1vel por avaliar a confiabilidade dos n\u00fameros. Desde 2017, os balan\u00e7os do banco apresentavam a possibilidade de riscos de perdas devido as suspeitas de envolvimento de administradores e ex-administradores em a\u00e7\u00f5es ilegais. Os riscos surgiram ap\u00f3s a deflagra\u00e7\u00e3o das opera\u00e7\u00f5es \u201cA Origem\u201d, \u201cCui Bono?\u201d, \u201cSepsis\u201d e \u201cPatmos\u201d, conduzidas pela Pol\u00edcia Federal e pelo Minist\u00e9rio P\u00fablico Federal.<\/p>\n<p>Segundo as investiga\u00e7\u00f5es, agentes pol\u00edticos teriam recebido propinas para fraudar a libera\u00e7\u00e3o de empr\u00e9stimos para empresas. As not\u00edcias do esquema, conforme o pr\u00f3prio balan\u00e7o, come\u00e7aram a ser divulgadas em 2015 e levaram, a Caixa a contratar uma investiga\u00e7\u00e3o independente para apurar as acusa\u00e7\u00f5es em 2017.<\/p>\n<p>Fonte: Ag\u00eancia Brasil<\/p>\n","protected":false},"excerpt":{"rendered":"<p>O lucro l\u00edquido da Caixa Econ\u00f4mica Federal cresceu 22,2% no primeiro semestre deste ano em compara\u00e7\u00e3o com o mesmo per\u00edodo de 2018. Segundo o balan\u00e7o do banco divulgado hoje (3), de janeiro a junho, o lucro chegou a R$ 8,1 bilh\u00f5es. No segundo trimestre, o lucro l\u00edquido teve alta de 21,6%, registrando R$ 4,1 bilh\u00f5es. [&hellip;]<\/p>\n","protected":false},"author":96,"featured_media":147117,"comment_status":"closed","ping_status":"closed","sticky":false,"template":"","format":"standard","meta":{"footnotes":""},"categories":[436,261,439],"tags":[],"class_list":["post-147116","post","type-post","status-publish","format-standard","has-post-thumbnail","hentry","category-destaque-da-semana","category-economia","category-ultima-hora"],"_links":{"self":[{"href":"https:\/\/diarioregionaldigital.com.br\/index.php?rest_route=\/wp\/v2\/posts\/147116","targetHints":{"allow":["GET"]}}],"collection":[{"href":"https:\/\/diarioregionaldigital.com.br\/index.php?rest_route=\/wp\/v2\/posts"}],"about":[{"href":"https:\/\/diarioregionaldigital.com.br\/index.php?rest_route=\/wp\/v2\/types\/post"}],"author":[{"embeddable":true,"href":"https:\/\/diarioregionaldigital.com.br\/index.php?rest_route=\/wp\/v2\/users\/96"}],"replies":[{"embeddable":true,"href":"https:\/\/diarioregionaldigital.com.br\/index.php?rest_route=%2Fwp%2Fv2%2Fcomments&post=147116"}],"version-history":[{"count":0,"href":"https:\/\/diarioregionaldigital.com.br\/index.php?rest_route=\/wp\/v2\/posts\/147116\/revisions"}],"wp:featuredmedia":[{"embeddable":true,"href":"https:\/\/diarioregionaldigital.com.br\/index.php?rest_route=\/wp\/v2\/media\/147117"}],"wp:attachment":[{"href":"https:\/\/diarioregionaldigital.com.br\/index.php?rest_route=%2Fwp%2Fv2%2Fmedia&parent=147116"}],"wp:term":[{"taxonomy":"category","embeddable":true,"href":"https:\/\/diarioregionaldigital.com.br\/index.php?rest_route=%2Fwp%2Fv2%2Fcategories&post=147116"},{"taxonomy":"post_tag","embeddable":true,"href":"https:\/\/diarioregionaldigital.com.br\/index.php?rest_route=%2Fwp%2Fv2%2Ftags&post=147116"}],"curies":[{"name":"wp","href":"https:\/\/api.w.org\/{rel}","templated":true}]}}