{"id":147114,"date":"2019-09-03T14:15:31","date_gmt":"2019-09-03T17:15:31","guid":{"rendered":"https:\/\/diarioregionaldigital.com.br\/?p=147114"},"modified":"2019-09-03T14:15:31","modified_gmt":"2019-09-03T17:15:31","slug":"sebrae-mais-de-54-milhoes-de-pessoas-dependem-da-renda-de-um-mei","status":"publish","type":"post","link":"https:\/\/diarioregionaldigital.com.br\/?p=147114","title":{"rendered":"Sebrae: mais de 5,4 milh\u00f5es de pessoas dependem da renda de um MEI"},"content":{"rendered":"<p>A renda obtida como microempreendedor individual (MEI) \u00e9 a \u00fanica fonte de recursos de 1,7 milh\u00e3o de fam\u00edlias, diz a 6\u00aa pesquisa Perfil do MEI, feita pelo Servi\u00e7o Brasileiro de Apoio \u00e0s Micro e Pequenas Empresas (Sebrae). De acordo com a pesquisa, isso significa que 5,4 milh\u00f5es de pessoas no pa\u00eds, considerando quatro pessoas por fam\u00edlia, dependem da renda de um MEI. Os dados mostram ainda que a renda m\u00e9dia familiar desse segmento alcan\u00e7ou R$ 4,4 mil, o equivalente a pouco mais de quatro sal\u00e1rios m\u00ednimos.<\/p>\n<p>A pesquisa entrevistou 10.339 microempreendedores individuais entre 1\u00ba de abril e 28 de maio deste ano em todos os estados brasileiros. Segundo o Sebrae, a sondagem alcan\u00e7a 95% de n\u00edvel de confian\u00e7a e 1% de margem de erro, delineando as principais caracter\u00edsticas desses empreendedores.<\/p>\n<p>Os n\u00fameros mostram que a atividade de microempreendedor individual \u00e9 a \u00fanica fonte de renda de 76% dos entrevistados. De acordo com os dados, 61% dos MEI se formalizaram atra\u00eddos pelos benef\u00edcios do registro (ter uma empresa formal, possibilidade de emitir nota, poder fazer compras mais baratas), 25% por conta dos benef\u00edcios previdenci\u00e1rios e 14% por outros motivos diversos.<\/p>\n<p>\u201cOs resultados do levantamento mostram que 33% dos MEI estavam na informalidade (como empreendedores ou empregados) antes de optarem pelo registro como microempreendedor. Deste universo, 48% empreendiam sem CNPJ por 10 anos ou mais\u201d, disse a assessoria do Sebrae.<\/p>\n<p>De acordo com o levantamento, a formaliza\u00e7\u00e3o foi respons\u00e1vel direta pelo aumento das vendas dos neg\u00f3cios para 71% dos entrevistados, enquanto 72% indicaram melhoria nas condi\u00e7\u00f5es de compra junto aos fornecedores.<\/p>\n<p>\u201cOs jovens, na faixa et\u00e1ria de 18 a 29 anos de idade, lideram o ranking dos que procuram autonomia financeira como MEI (41%). Contudo, o percentual de microempreendedores cai \u00e0 medida que o empreendedor envelhece. Entre 30 a 39 anos, (37%); dos 40 a 49 (32%) e os com mais de 50 anos registram 21%\u201d, diz a pesquisa.<\/p>\n<p>Os dados mostram ainda que 40% dos entrevistados usam a pr\u00f3pria resid\u00eancia como local de trabalho. A pesquisa revela que, nos munic\u00edpios mais carentes, \u00e9 mais comum o microempreendedor individual atuar em um estabelecimento comercial (49%). \u201cEssa op\u00e7\u00e3o, no geral, soma 28%, enquanto os MEI atuante na casa ou empresa do cliente s\u00e3o 17%. Os ambulantes s\u00e3o 11% e os que atuam em feiras, shopping popular e outros locais representam 4%\u201d, diz a pesquisa.<\/p>\n<p>Fonte: Ag\u00eancia Brasil<\/p>\n","protected":false},"excerpt":{"rendered":"<p>A renda obtida como microempreendedor individual (MEI) \u00e9 a \u00fanica fonte de recursos de 1,7 milh\u00e3o de fam\u00edlias, diz a 6\u00aa pesquisa Perfil do MEI, feita pelo Servi\u00e7o Brasileiro de Apoio \u00e0s Micro e Pequenas Empresas (Sebrae). De acordo com a pesquisa, isso significa que 5,4 milh\u00f5es de pessoas no pa\u00eds, considerando quatro pessoas por [&hellip;]<\/p>\n","protected":false},"author":96,"featured_media":105072,"comment_status":"closed","ping_status":"closed","sticky":false,"template":"","format":"standard","meta":{"footnotes":""},"categories":[436,261,439],"tags":[],"class_list":["post-147114","post","type-post","status-publish","format-standard","has-post-thumbnail","hentry","category-destaque-da-semana","category-economia","category-ultima-hora"],"_links":{"self":[{"href":"https:\/\/diarioregionaldigital.com.br\/index.php?rest_route=\/wp\/v2\/posts\/147114","targetHints":{"allow":["GET"]}}],"collection":[{"href":"https:\/\/diarioregionaldigital.com.br\/index.php?rest_route=\/wp\/v2\/posts"}],"about":[{"href":"https:\/\/diarioregionaldigital.com.br\/index.php?rest_route=\/wp\/v2\/types\/post"}],"author":[{"embeddable":true,"href":"https:\/\/diarioregionaldigital.com.br\/index.php?rest_route=\/wp\/v2\/users\/96"}],"replies":[{"embeddable":true,"href":"https:\/\/diarioregionaldigital.com.br\/index.php?rest_route=%2Fwp%2Fv2%2Fcomments&post=147114"}],"version-history":[{"count":0,"href":"https:\/\/diarioregionaldigital.com.br\/index.php?rest_route=\/wp\/v2\/posts\/147114\/revisions"}],"wp:featuredmedia":[{"embeddable":true,"href":"https:\/\/diarioregionaldigital.com.br\/index.php?rest_route=\/wp\/v2\/media\/105072"}],"wp:attachment":[{"href":"https:\/\/diarioregionaldigital.com.br\/index.php?rest_route=%2Fwp%2Fv2%2Fmedia&parent=147114"}],"wp:term":[{"taxonomy":"category","embeddable":true,"href":"https:\/\/diarioregionaldigital.com.br\/index.php?rest_route=%2Fwp%2Fv2%2Fcategories&post=147114"},{"taxonomy":"post_tag","embeddable":true,"href":"https:\/\/diarioregionaldigital.com.br\/index.php?rest_route=%2Fwp%2Fv2%2Ftags&post=147114"}],"curies":[{"name":"wp","href":"https:\/\/api.w.org\/{rel}","templated":true}]}}