{"id":147111,"date":"2019-09-03T13:50:24","date_gmt":"2019-09-03T16:50:24","guid":{"rendered":"https:\/\/diarioregionaldigital.com.br\/?p=147111"},"modified":"2019-09-03T13:50:24","modified_gmt":"2019-09-03T16:50:24","slug":"ipc-s-recua-em-seis-das-sete-capitais-pesquisadas-em-agosto","status":"publish","type":"post","link":"https:\/\/diarioregionaldigital.com.br\/?p=147111","title":{"rendered":"IPC-S recua em seis das sete capitais pesquisadas em agosto"},"content":{"rendered":"<p>O \u00cdndice de Pre\u00e7os ao Consumidor Semanal (IPC-S), medido pela Funda\u00e7\u00e3o Getulio Vargas (FGV), recuou em seis das sete capitais pesquisadas na passagem de julho para agosto. A maior queda foi observada na cidade de Recife (-0,50 ponto percentual, ao recuar de 0,54% em julho para 0,04% em agosto).<\/p>\n<p>Tamb\u00e9m registraram queda na taxa de infla\u00e7\u00e3o, as cidades de S\u00e3o Paulo (-0,13 ponto percentual, ao passar de 0,41% para 0,28%), Porto Alegre (-0,10 ponto percentual, ao passar de 0,20% para 0,10%), Rio de Janeiro (-0,09 ponto percentual, ao passar de 0,23% para 0,14%) e Belo Horizonte (-0,08 ponto percentual, ao passar de 0,36% para 0,28%).<\/p>\n<p>Segundo a FGV, Bras\u00edlia teve queda de 0,42 ponto percentual na taxa e passou a registrar defla\u00e7\u00e3o (queda de pre\u00e7os) de 0,07% em agosto, depois de ter uma infla\u00e7\u00e3o de 0,35% em julho. Salvador foi a \u00fanica cidade que teve alta: 0,07 ponto percentual, ao passar de 0,13% para 0,20%.<\/p>\n<p>&nbsp;<\/p>\n<p>Fonte: Ag\u00eancia Brasil<\/p>\n","protected":false},"excerpt":{"rendered":"<p>O \u00cdndice de Pre\u00e7os ao Consumidor Semanal (IPC-S), medido pela Funda\u00e7\u00e3o Getulio Vargas (FGV), recuou em seis das sete capitais pesquisadas na passagem de julho para agosto. A maior queda foi observada na cidade de Recife (-0,50 ponto percentual, ao recuar de 0,54% em julho para 0,04% em agosto). Tamb\u00e9m registraram queda na taxa de [&hellip;]<\/p>\n","protected":false},"author":96,"featured_media":147112,"comment_status":"closed","ping_status":"closed","sticky":false,"template":"","format":"standard","meta":{"footnotes":""},"categories":[436,261,439],"tags":[],"class_list":["post-147111","post","type-post","status-publish","format-standard","has-post-thumbnail","hentry","category-destaque-da-semana","category-economia","category-ultima-hora"],"_links":{"self":[{"href":"https:\/\/diarioregionaldigital.com.br\/index.php?rest_route=\/wp\/v2\/posts\/147111","targetHints":{"allow":["GET"]}}],"collection":[{"href":"https:\/\/diarioregionaldigital.com.br\/index.php?rest_route=\/wp\/v2\/posts"}],"about":[{"href":"https:\/\/diarioregionaldigital.com.br\/index.php?rest_route=\/wp\/v2\/types\/post"}],"author":[{"embeddable":true,"href":"https:\/\/diarioregionaldigital.com.br\/index.php?rest_route=\/wp\/v2\/users\/96"}],"replies":[{"embeddable":true,"href":"https:\/\/diarioregionaldigital.com.br\/index.php?rest_route=%2Fwp%2Fv2%2Fcomments&post=147111"}],"version-history":[{"count":0,"href":"https:\/\/diarioregionaldigital.com.br\/index.php?rest_route=\/wp\/v2\/posts\/147111\/revisions"}],"wp:featuredmedia":[{"embeddable":true,"href":"https:\/\/diarioregionaldigital.com.br\/index.php?rest_route=\/wp\/v2\/media\/147112"}],"wp:attachment":[{"href":"https:\/\/diarioregionaldigital.com.br\/index.php?rest_route=%2Fwp%2Fv2%2Fmedia&parent=147111"}],"wp:term":[{"taxonomy":"category","embeddable":true,"href":"https:\/\/diarioregionaldigital.com.br\/index.php?rest_route=%2Fwp%2Fv2%2Fcategories&post=147111"},{"taxonomy":"post_tag","embeddable":true,"href":"https:\/\/diarioregionaldigital.com.br\/index.php?rest_route=%2Fwp%2Fv2%2Ftags&post=147111"}],"curies":[{"name":"wp","href":"https:\/\/api.w.org\/{rel}","templated":true}]}}