{"id":147108,"date":"2019-09-03T06:00:36","date_gmt":"2019-09-03T09:00:36","guid":{"rendered":"https:\/\/diarioregionaldigital.com.br\/?p=147108"},"modified":"2019-09-02T19:38:43","modified_gmt":"2019-09-02T22:38:43","slug":"convocacao-de-assembleia-leandro-silveira-03-09-19","status":"publish","type":"post","link":"https:\/\/diarioregionaldigital.com.br\/?p=147108","title":{"rendered":"Convoca\u00e7\u00e3o de Assembl\u00e9ia &#8211; Leandro Silveira &#8211; 03\/09\/19"},"content":{"rendered":"<p><img loading=\"lazy\" decoding=\"async\" class=\"aligncenter wp-image-147106\" src=\"https:\/\/diarioregionaldigital.com.br\/wp-content\/uploads\/2019\/09\/AEROCLUBE-JUIZ-DE-FORA.jpg\" alt=\"\" width=\"500\" height=\"525\" srcset=\"https:\/\/diarioregionaldigital.com.br\/wp-content\/uploads\/2019\/09\/AEROCLUBE-JUIZ-DE-FORA.jpg 891w, https:\/\/diarioregionaldigital.com.br\/wp-content\/uploads\/2019\/09\/AEROCLUBE-JUIZ-DE-FORA-286x300.jpg 286w, https:\/\/diarioregionaldigital.com.br\/wp-content\/uploads\/2019\/09\/AEROCLUBE-JUIZ-DE-FORA-768x807.jpg 768w, https:\/\/diarioregionaldigital.com.br\/wp-content\/uploads\/2019\/09\/AEROCLUBE-JUIZ-DE-FORA-360x378.jpg 360w\" sizes=\"auto, (max-width: 500px) 100vw, 500px\" \/><\/p>\n","protected":false},"excerpt":{"rendered":"","protected":false},"author":96,"featured_media":0,"comment_status":"closed","ping_status":"closed","sticky":false,"template":"","format":"standard","meta":{"footnotes":""},"categories":[307],"tags":[],"class_list":["post-147108","post","type-post","status-publish","format-standard","hentry","category-editais"],"_links":{"self":[{"href":"https:\/\/diarioregionaldigital.com.br\/index.php?rest_route=\/wp\/v2\/posts\/147108","targetHints":{"allow":["GET"]}}],"collection":[{"href":"https:\/\/diarioregionaldigital.com.br\/index.php?rest_route=\/wp\/v2\/posts"}],"about":[{"href":"https:\/\/diarioregionaldigital.com.br\/index.php?rest_route=\/wp\/v2\/types\/post"}],"author":[{"embeddable":true,"href":"https:\/\/diarioregionaldigital.com.br\/index.php?rest_route=\/wp\/v2\/users\/96"}],"replies":[{"embeddable":true,"href":"https:\/\/diarioregionaldigital.com.br\/index.php?rest_route=%2Fwp%2Fv2%2Fcomments&post=147108"}],"version-history":[{"count":0,"href":"https:\/\/diarioregionaldigital.com.br\/index.php?rest_route=\/wp\/v2\/posts\/147108\/revisions"}],"wp:attachment":[{"href":"https:\/\/diarioregionaldigital.com.br\/index.php?rest_route=%2Fwp%2Fv2%2Fmedia&parent=147108"}],"wp:term":[{"taxonomy":"category","embeddable":true,"href":"https:\/\/diarioregionaldigital.com.br\/index.php?rest_route=%2Fwp%2Fv2%2Fcategories&post=147108"},{"taxonomy":"post_tag","embeddable":true,"href":"https:\/\/diarioregionaldigital.com.br\/index.php?rest_route=%2Fwp%2Fv2%2Ftags&post=147108"}],"curies":[{"name":"wp","href":"https:\/\/api.w.org\/{rel}","templated":true}]}}