{"id":147099,"date":"2019-09-03T06:00:38","date_gmt":"2019-09-03T09:00:38","guid":{"rendered":"https:\/\/diarioregionaldigital.com.br\/?p=147099"},"modified":"2019-09-02T19:34:12","modified_gmt":"2019-09-02T22:34:12","slug":"talento","status":"publish","type":"post","link":"https:\/\/diarioregionaldigital.com.br\/?p=147099","title":{"rendered":"Talento"},"content":{"rendered":"<p style=\"text-align: center;\"><strong>Dica Esperta<\/strong><\/p>\n<p style=\"text-align: center;\">Aplaudir o mesa-tenista Juiz-forano Alexandre Ank. Representando o Brasil, conquistou a Medalha de Bronze no jogos Parapan-Americanos de Lima, no Peru.<\/p>\n<p style=\"text-align: center;\"><strong>\u201cDia D\u201d<\/strong><\/p>\n<p style=\"text-align: center;\">Com liberdade para celebrar a diversidade, Sidney Castro e Guilherme Guizelli convidam este colunista para seu casamento no dia 14 de setembro, \u00e0s 17h, no Aeroporto. O consentimento foi dos pais T\u00e2nia Maria de Castro e Wallacy Amancio dos Reis e Leila Maria Pedrosa Guizelli e Osvaldo Guizelli.<\/p>\n<p style=\"text-align: center;\"><strong>Censura<\/strong><\/p>\n<p style=\"text-align: center;\">O governo federal suspendeu o edital para TVs p\u00fablicas com uma linha voltada a s\u00e9ries sobre identidade de g\u00eanero. Projetos sobre tem\u00e1ticas LGBT foram alvo de decis\u00e3o, que acabou atingindo programas com outros temas e causando a demiss\u00e3o do secret\u00e1rio especial de Cultura Henrique Pires.<\/p>\n<p style=\"text-align: center;\"><strong>Brilhou<\/strong><\/p>\n<p style=\"text-align: center;\">Foi no Trade Hotel a Conven\u00e7\u00e3o Estadual FCDL &#8211; Varejo 360\u00b0, onde a estrela de Fl\u00e1vio Vinte reluziu. Considerado um dos jovens mais promissores do Brasil, conforme a lista under 30 da Forbes 2019, ele se destacou no evento como conferencista e deu seu recado com talento e criatividade.<\/p>\n<p style=\"text-align: center;\"><strong>Talento<\/strong><\/p>\n<p style=\"text-align: center;\">A arquiteta Moema Loures \u00e9 um talento s\u00f3. O projeto assinado por ela, atrav\u00e9s de seu escrit\u00f3rio Arto, ganhou aplauso internacional. O projeto foi destaque no livro \u201cServi\u00e7o Design and Servi\u00e7o Thinking In Healtheatre Ana Hospital Management\u201d, na Alemanha, por apresentar solu\u00e7\u00f5es inovadoras e eficientes para melhorar a experi\u00eancia de m\u00e3es e beb\u00eas internados.<\/p>\n<div id=\"attachment_147057\" style=\"width: 690px\" class=\"wp-caption aligncenter\"><img loading=\"lazy\" decoding=\"async\" aria-describedby=\"caption-attachment-147057\" class=\"wp-image-147057\" src=\"https:\/\/diarioregionaldigital.com.br\/wp-content\/uploads\/2019\/09\/fotoa-e1567458692301.jpg\" alt=\"\" width=\"680\" height=\"550\" srcset=\"https:\/\/diarioregionaldigital.com.br\/wp-content\/uploads\/2019\/09\/fotoa-e1567458692301.jpg 1175w, https:\/\/diarioregionaldigital.com.br\/wp-content\/uploads\/2019\/09\/fotoa-e1567458692301-300x243.jpg 300w, https:\/\/diarioregionaldigital.com.br\/wp-content\/uploads\/2019\/09\/fotoa-e1567458692301-768x621.jpg 768w, https:\/\/diarioregionaldigital.com.br\/wp-content\/uploads\/2019\/09\/fotoa-e1567458692301-1024x828.jpg 1024w, https:\/\/diarioregionaldigital.com.br\/wp-content\/uploads\/2019\/09\/fotoa-e1567458692301-360x291.jpg 360w\" sizes=\"auto, (max-width: 680px) 100vw, 680px\" \/><p id=\"caption-attachment-147057\" class=\"wp-caption-text\">A bel\u00edssima Renata Hirschberg festejando n\u00edver na 3\u00aa feira (3), em Portugal<\/p><\/div>\n<div id=\"attachment_147058\" style=\"width: 690px\" class=\"wp-caption aligncenter\"><img loading=\"lazy\" decoding=\"async\" aria-describedby=\"caption-attachment-147058\" class=\"wp-image-147058\" src=\"https:\/\/diarioregionaldigital.com.br\/wp-content\/uploads\/2019\/09\/fotoaa-e1567459872515.jpg\" alt=\"\" width=\"680\" height=\"490\" srcset=\"https:\/\/diarioregionaldigital.com.br\/wp-content\/uploads\/2019\/09\/fotoaa-e1567459872515.jpg 703w, https:\/\/diarioregionaldigital.com.br\/wp-content\/uploads\/2019\/09\/fotoaa-e1567459872515-300x216.jpg 300w, https:\/\/diarioregionaldigital.com.br\/wp-content\/uploads\/2019\/09\/fotoaa-e1567459872515-360x260.jpg 360w\" sizes=\"auto, (max-width: 680px) 100vw, 680px\" \/><p id=\"caption-attachment-147058\" class=\"wp-caption-text\">O juiz-forano Luis Felipe Miana, campe\u00e3o de simples e duplas no Circuito Nacional CBT de t\u00eanis etapa Goi\u00e2nia<\/p><\/div>\n<div id=\"attachment_147059\" style=\"width: 690px\" class=\"wp-caption aligncenter\"><img loading=\"lazy\" decoding=\"async\" aria-describedby=\"caption-attachment-147059\" class=\"wp-image-147059\" src=\"https:\/\/diarioregionaldigital.com.br\/wp-content\/uploads\/2019\/09\/fotob-e1567460151500.jpg\" alt=\"\" width=\"680\" height=\"619\" srcset=\"https:\/\/diarioregionaldigital.com.br\/wp-content\/uploads\/2019\/09\/fotob-e1567460151500.jpg 1172w, https:\/\/diarioregionaldigital.com.br\/wp-content\/uploads\/2019\/09\/fotob-e1567460151500-300x273.jpg 300w, https:\/\/diarioregionaldigital.com.br\/wp-content\/uploads\/2019\/09\/fotob-e1567460151500-768x699.jpg 768w, https:\/\/diarioregionaldigital.com.br\/wp-content\/uploads\/2019\/09\/fotob-e1567460151500-1024x932.jpg 1024w, https:\/\/diarioregionaldigital.com.br\/wp-content\/uploads\/2019\/09\/fotob-e1567460151500-360x328.jpg 360w\" sizes=\"auto, (max-width: 680px) 100vw, 680px\" \/><p id=\"caption-attachment-147059\" class=\"wp-caption-text\">Laila Hallack, em close como jornalista de sucesso, em Cabo Frio (RJ)<\/p><\/div>\n<div id=\"attachment_147060\" style=\"width: 690px\" class=\"wp-caption aligncenter\"><img loading=\"lazy\" decoding=\"async\" aria-describedby=\"caption-attachment-147060\" class=\"wp-image-147060\" src=\"https:\/\/diarioregionaldigital.com.br\/wp-content\/uploads\/2019\/09\/fotobb-e1567460175586.jpg\" alt=\"\" width=\"680\" height=\"512\" srcset=\"https:\/\/diarioregionaldigital.com.br\/wp-content\/uploads\/2019\/09\/fotobb-e1567460175586.jpg 957w, https:\/\/diarioregionaldigital.com.br\/wp-content\/uploads\/2019\/09\/fotobb-e1567460175586-300x226.jpg 300w, https:\/\/diarioregionaldigital.com.br\/wp-content\/uploads\/2019\/09\/fotobb-e1567460175586-768x578.jpg 768w, https:\/\/diarioregionaldigital.com.br\/wp-content\/uploads\/2019\/09\/fotobb-e1567460175586-360x271.jpg 360w\" sizes=\"auto, (max-width: 680px) 100vw, 680px\" \/><p id=\"caption-attachment-147060\" class=\"wp-caption-text\">Presen\u00e7as chiques na Igreja do Ros\u00e1rio: Matheus Sampaio, Eliana Lamha, Marc\u00edlio Gomes e Meire Milhomens<\/p><\/div>\n<div id=\"attachment_147061\" style=\"width: 690px\" class=\"wp-caption aligncenter\"><img loading=\"lazy\" decoding=\"async\" aria-describedby=\"caption-attachment-147061\" class=\"wp-image-147061\" src=\"https:\/\/diarioregionaldigital.com.br\/wp-content\/uploads\/2019\/09\/fotoc-e1567460191662.jpg\" alt=\"\" width=\"680\" height=\"537\" srcset=\"https:\/\/diarioregionaldigital.com.br\/wp-content\/uploads\/2019\/09\/fotoc-e1567460191662.jpg 1166w, https:\/\/diarioregionaldigital.com.br\/wp-content\/uploads\/2019\/09\/fotoc-e1567460191662-300x237.jpg 300w, https:\/\/diarioregionaldigital.com.br\/wp-content\/uploads\/2019\/09\/fotoc-e1567460191662-768x606.jpg 768w, https:\/\/diarioregionaldigital.com.br\/wp-content\/uploads\/2019\/09\/fotoc-e1567460191662-1024x808.jpg 1024w, https:\/\/diarioregionaldigital.com.br\/wp-content\/uploads\/2019\/09\/fotoc-e1567460191662-360x284.jpg 360w\" sizes=\"auto, (max-width: 680px) 100vw, 680px\" \/><p id=\"caption-attachment-147061\" class=\"wp-caption-text\">O bonito moreno Wesley Ferry, Mr. Minas Gerais Gay, disputa o t\u00edtulo nacional no fim do ano<\/p><\/div>\n<div id=\"attachment_147062\" style=\"width: 690px\" class=\"wp-caption aligncenter\"><img loading=\"lazy\" decoding=\"async\" aria-describedby=\"caption-attachment-147062\" class=\"wp-image-147062\" src=\"https:\/\/diarioregionaldigital.com.br\/wp-content\/uploads\/2019\/09\/fotod-e1567460226656.jpg\" alt=\"\" width=\"680\" height=\"499\" srcset=\"https:\/\/diarioregionaldigital.com.br\/wp-content\/uploads\/2019\/09\/fotod-e1567460226656.jpg 1185w, https:\/\/diarioregionaldigital.com.br\/wp-content\/uploads\/2019\/09\/fotod-e1567460226656-300x220.jpg 300w, https:\/\/diarioregionaldigital.com.br\/wp-content\/uploads\/2019\/09\/fotod-e1567460226656-768x564.jpg 768w, https:\/\/diarioregionaldigital.com.br\/wp-content\/uploads\/2019\/09\/fotod-e1567460226656-1024x752.jpg 1024w, https:\/\/diarioregionaldigital.com.br\/wp-content\/uploads\/2019\/09\/fotod-e1567460226656-360x264.jpg 360w\" sizes=\"auto, (max-width: 680px) 100vw, 680px\" \/><p id=\"caption-attachment-147062\" class=\"wp-caption-text\">Em cena uma casa no campo, Danielle Vaccarini e o pai Jos\u00e9 L\u00facio Fernandes<\/p><\/div>\n<div id=\"attachment_147064\" style=\"width: 690px\" class=\"wp-caption aligncenter\"><img loading=\"lazy\" decoding=\"async\" aria-describedby=\"caption-attachment-147064\" class=\"wp-image-147064\" src=\"https:\/\/diarioregionaldigital.com.br\/wp-content\/uploads\/2019\/09\/fotof-e1567460258696.jpg\" alt=\"\" width=\"680\" height=\"531\" srcset=\"https:\/\/diarioregionaldigital.com.br\/wp-content\/uploads\/2019\/09\/fotof-e1567460258696.jpg 1172w, https:\/\/diarioregionaldigital.com.br\/wp-content\/uploads\/2019\/09\/fotof-e1567460258696-300x234.jpg 300w, https:\/\/diarioregionaldigital.com.br\/wp-content\/uploads\/2019\/09\/fotof-e1567460258696-768x600.jpg 768w, https:\/\/diarioregionaldigital.com.br\/wp-content\/uploads\/2019\/09\/fotof-e1567460258696-1024x800.jpg 1024w, https:\/\/diarioregionaldigital.com.br\/wp-content\/uploads\/2019\/09\/fotof-e1567460258696-360x281.jpg 360w\" sizes=\"auto, (max-width: 680px) 100vw, 680px\" \/><p id=\"caption-attachment-147064\" class=\"wp-caption-text\">Formando lindo par no Bar e Restaurante Salvaterra, Nelson Mafili e Monique Meirelles<\/p><\/div>\n<div id=\"attachment_147065\" style=\"width: 690px\" class=\"wp-caption aligncenter\"><img loading=\"lazy\" decoding=\"async\" aria-describedby=\"caption-attachment-147065\" class=\"wp-image-147065\" src=\"https:\/\/diarioregionaldigital.com.br\/wp-content\/uploads\/2019\/09\/fotog-e1567460284155.jpg\" alt=\"\" width=\"680\" height=\"565\" srcset=\"https:\/\/diarioregionaldigital.com.br\/wp-content\/uploads\/2019\/09\/fotog-e1567460284155.jpg 1168w, https:\/\/diarioregionaldigital.com.br\/wp-content\/uploads\/2019\/09\/fotog-e1567460284155-300x249.jpg 300w, https:\/\/diarioregionaldigital.com.br\/wp-content\/uploads\/2019\/09\/fotog-e1567460284155-768x638.jpg 768w, https:\/\/diarioregionaldigital.com.br\/wp-content\/uploads\/2019\/09\/fotog-e1567460284155-1024x850.jpg 1024w, https:\/\/diarioregionaldigital.com.br\/wp-content\/uploads\/2019\/09\/fotog-e1567460284155-360x299.jpg 360w\" sizes=\"auto, (max-width: 680px) 100vw, 680px\" \/><p id=\"caption-attachment-147065\" class=\"wp-caption-text\">Em tarde descontra\u00edda, Beth Urgal e a estilista Rita<\/p><\/div>\n<div id=\"attachment_147066\" style=\"width: 690px\" class=\"wp-caption aligncenter\"><img loading=\"lazy\" decoding=\"async\" aria-describedby=\"caption-attachment-147066\" class=\"wp-image-147066\" src=\"https:\/\/diarioregionaldigital.com.br\/wp-content\/uploads\/2019\/09\/fotoh-e1567460310394.jpg\" alt=\"\" width=\"680\" height=\"563\" srcset=\"https:\/\/diarioregionaldigital.com.br\/wp-content\/uploads\/2019\/09\/fotoh-e1567460310394.jpg 1164w, https:\/\/diarioregionaldigital.com.br\/wp-content\/uploads\/2019\/09\/fotoh-e1567460310394-300x248.jpg 300w, https:\/\/diarioregionaldigital.com.br\/wp-content\/uploads\/2019\/09\/fotoh-e1567460310394-768x635.jpg 768w, https:\/\/diarioregionaldigital.com.br\/wp-content\/uploads\/2019\/09\/fotoh-e1567460310394-1024x847.jpg 1024w, https:\/\/diarioregionaldigital.com.br\/wp-content\/uploads\/2019\/09\/fotoh-e1567460310394-360x298.jpg 360w\" sizes=\"auto, (max-width: 680px) 100vw, 680px\" \/><p id=\"caption-attachment-147066\" class=\"wp-caption-text\">No Mr.Pina, o empres\u00e1rio Rodrigo Pina, presen\u00e7a no Melhores de 2019<\/p><\/div>\n<div id=\"attachment_147068\" style=\"width: 690px\" class=\"wp-caption aligncenter\"><img loading=\"lazy\" decoding=\"async\" aria-describedby=\"caption-attachment-147068\" class=\"wp-image-147068\" src=\"https:\/\/diarioregionaldigital.com.br\/wp-content\/uploads\/2019\/09\/fotoj.jpg\" alt=\"\" width=\"680\" height=\"447\" srcset=\"https:\/\/diarioregionaldigital.com.br\/wp-content\/uploads\/2019\/09\/fotoj.jpg 1770w, https:\/\/diarioregionaldigital.com.br\/wp-content\/uploads\/2019\/09\/fotoj-300x197.jpg 300w, https:\/\/diarioregionaldigital.com.br\/wp-content\/uploads\/2019\/09\/fotoj-768x505.jpg 768w, https:\/\/diarioregionaldigital.com.br\/wp-content\/uploads\/2019\/09\/fotoj-1024x673.jpg 1024w, https:\/\/diarioregionaldigital.com.br\/wp-content\/uploads\/2019\/09\/fotoj-360x237.jpg 360w\" sizes=\"auto, (max-width: 680px) 100vw, 680px\" \/><p id=\"caption-attachment-147068\" class=\"wp-caption-text\">Na G\u00e1vea (Rio) no tudo pelo Flamengo, a diva Sandra Portella no show vermelho e preto<\/p><\/div>\n<div id=\"attachment_147069\" style=\"width: 690px\" class=\"wp-caption aligncenter\"><img loading=\"lazy\" decoding=\"async\" aria-describedby=\"caption-attachment-147069\" class=\"wp-image-147069\" src=\"https:\/\/diarioregionaldigital.com.br\/wp-content\/uploads\/2019\/09\/fotol-e1567460480510.jpg\" alt=\"\" width=\"680\" height=\"510\" srcset=\"https:\/\/diarioregionaldigital.com.br\/wp-content\/uploads\/2019\/09\/fotol-e1567460480510.jpg 1172w, https:\/\/diarioregionaldigital.com.br\/wp-content\/uploads\/2019\/09\/fotol-e1567460480510-300x225.jpg 300w, https:\/\/diarioregionaldigital.com.br\/wp-content\/uploads\/2019\/09\/fotol-e1567460480510-768x576.jpg 768w, https:\/\/diarioregionaldigital.com.br\/wp-content\/uploads\/2019\/09\/fotol-e1567460480510-1024x768.jpg 1024w, https:\/\/diarioregionaldigital.com.br\/wp-content\/uploads\/2019\/09\/fotol-e1567460480510-360x270.jpg 360w\" sizes=\"auto, (max-width: 680px) 100vw, 680px\" \/><p id=\"caption-attachment-147069\" class=\"wp-caption-text\">Em noite social, as bonit\u00f5es Paulo Roberto e Junin Souza<\/p><\/div>\n<div id=\"attachment_147070\" style=\"width: 690px\" class=\"wp-caption aligncenter\"><img loading=\"lazy\" decoding=\"async\" aria-describedby=\"caption-attachment-147070\" class=\"wp-image-147070\" src=\"https:\/\/diarioregionaldigital.com.br\/wp-content\/uploads\/2019\/09\/fotom-e1567461640259.jpg\" alt=\"\" width=\"680\" height=\"551\" srcset=\"https:\/\/diarioregionaldigital.com.br\/wp-content\/uploads\/2019\/09\/fotom-e1567461640259.jpg 1172w, https:\/\/diarioregionaldigital.com.br\/wp-content\/uploads\/2019\/09\/fotom-e1567461640259-300x243.jpg 300w, https:\/\/diarioregionaldigital.com.br\/wp-content\/uploads\/2019\/09\/fotom-e1567461640259-768x622.jpg 768w, https:\/\/diarioregionaldigital.com.br\/wp-content\/uploads\/2019\/09\/fotom-e1567461640259-1024x829.jpg 1024w, https:\/\/diarioregionaldigital.com.br\/wp-content\/uploads\/2019\/09\/fotom-e1567461640259-360x292.jpg 360w\" sizes=\"auto, (max-width: 680px) 100vw, 680px\" \/><p id=\"caption-attachment-147070\" class=\"wp-caption-text\">Festejando n\u00edver, a artista-pl\u00e1stica Marta Lisboa<\/p><\/div>\n<p style=\"text-align: center;\"><strong>FOTOSS\u00cdNTESE<\/strong><\/p>\n<p>Em estilo \u00fanico, vai acontecer no feriado de 7 de setembro, \u00e0s 17h, na quadra da Juventude, o Bar Imperial com o evento Canto do Samba, com viol\u00e3o &amp; voz com o cantor Al\u00edpio Gomes.<\/p>\n<p>O conceituado m\u00e9dico Aloysio Fellet est\u00e1 sob o c\u00e9u de Fortaleza. Ao lado de Regina e a neta Louise Fellet Barbosa, participa at\u00e9 o dia 8 como palestrante do Congresso Brasileiro de Reumatologia, onde exerce a fun\u00e7\u00e3o de presidente.<\/p>\n<p>Em tempos de Tinder, do culto do \u2018eu\u2019 e de ferramentas digitais, v\u00e1rios artistas-pl\u00e1sticos est\u00e3o reunidos no Espa\u00e7o Reitoria da UFJF, com a exposi\u00e7\u00e3o \u201cPensamento Subsersivo: 100 anos de L.H.O.O.O.\u201d A homenagem ao franc\u00eas Marcel Duchamp mostra as in\u00fameras possibilidade de transforma\u00e7\u00e3o de imagens.<\/p>\n<p>Templo das rainhas das pontas-do-p\u00e9, o Studio Vivian Mockdece brilhou no Circuito Internacional de Dan\u00e7a em Belo Horizonte conquistando duas premia\u00e7\u00f5es: o segundo lugar no cl\u00e1ssico de repert\u00f3rio e o terceiro no cl\u00e1ssico livre (categoria juvenil). Aplausos.<\/p>\n<p>Causando impacto o livro do escrit\u00f3rio Pedro Carcereri com o t\u00edtulo \u201cSob o Tr\u00f3pico de Capric\u00f3rnio\u201d. O roteirista e cineasta cria distopia sobre o mundo em 2065 para discutir caos na alimenta\u00e7\u00e3o e vidas artificiais. Li e gostei!<\/p>\n<p>Perguntinha: Se as entidades que ocupam o pr\u00e9dio do Museu de Cr\u00e9dito Real tiverem que desocupar os espa\u00e7os, para onde ir\u00e3o? Uma liminar deu 90 dias para o impasse. Agora, s\u00f3 Jesus!<\/p>\n<p>Colocando todas as violetas na janela, a artista pl\u00e1stica Nequitz Miguel deixou os pinc\u00e9is no solvente e recupera de cirurgia em sua m\u00e3o de fada.<\/p>\n<p>O arquiteto e empres\u00e1rio Lucas Lorhan passou temporada em Arma\u00e7\u00e3o dos B\u00fazios, j\u00e1 Rodrigo Mattos em Tiradentes com Weliton Soares.<\/p>\n<p>Para ser feliz: \u201cSeja um abacaxi. Fique de p\u00e9. Use uma coroa e seja doce por dentro\u201d. (Prov\u00e9rbio Popular). Bom dia.<\/p>\n<p><img loading=\"lazy\" decoding=\"async\" class=\"aligncenter size-full wp-image-146951\" src=\"https:\/\/diarioregionaldigital.com.br\/wp-content\/uploads\/2019\/08\/anunciou-28.jpg\" alt=\"\" width=\"3487\" height=\"668\" srcset=\"https:\/\/diarioregionaldigital.com.br\/wp-content\/uploads\/2019\/08\/anunciou-28.jpg 3487w, https:\/\/diarioregionaldigital.com.br\/wp-content\/uploads\/2019\/08\/anunciou-28-300x57.jpg 300w, https:\/\/diarioregionaldigital.com.br\/wp-content\/uploads\/2019\/08\/anunciou-28-768x147.jpg 768w, https:\/\/diarioregionaldigital.com.br\/wp-content\/uploads\/2019\/08\/anunciou-28-1024x196.jpg 1024w, https:\/\/diarioregionaldigital.com.br\/wp-content\/uploads\/2019\/08\/anunciou-28-360x69.jpg 360w\" sizes=\"auto, (max-width: 3487px) 100vw, 3487px\" \/><\/p>\n","protected":false},"excerpt":{"rendered":"<p>Dica Esperta Aplaudir o mesa-tenista Juiz-forano Alexandre Ank. Representando o Brasil, conquistou a Medalha de Bronze no jogos Parapan-Americanos de Lima, no Peru. \u201cDia D\u201d Com liberdade para celebrar a diversidade, Sidney Castro e Guilherme Guizelli convidam este colunista para seu casamento no dia 14 de setembro, \u00e0s 17h, no Aeroporto. O consentimento foi dos [&hellip;]<\/p>\n","protected":false},"author":96,"featured_media":147057,"comment_status":"closed","ping_status":"closed","sticky":false,"template":"","format":"standard","meta":{"footnotes":""},"categories":[264],"tags":[],"class_list":["post-147099","post","type-post","status-publish","format-standard","has-post-thumbnail","hentry","category-eduardo-gomes"],"_links":{"self":[{"href":"https:\/\/diarioregionaldigital.com.br\/index.php?rest_route=\/wp\/v2\/posts\/147099","targetHints":{"allow":["GET"]}}],"collection":[{"href":"https:\/\/diarioregionaldigital.com.br\/index.php?rest_route=\/wp\/v2\/posts"}],"about":[{"href":"https:\/\/diarioregionaldigital.com.br\/index.php?rest_route=\/wp\/v2\/types\/post"}],"author":[{"embeddable":true,"href":"https:\/\/diarioregionaldigital.com.br\/index.php?rest_route=\/wp\/v2\/users\/96"}],"replies":[{"embeddable":true,"href":"https:\/\/diarioregionaldigital.com.br\/index.php?rest_route=%2Fwp%2Fv2%2Fcomments&post=147099"}],"version-history":[{"count":0,"href":"https:\/\/diarioregionaldigital.com.br\/index.php?rest_route=\/wp\/v2\/posts\/147099\/revisions"}],"wp:featuredmedia":[{"embeddable":true,"href":"https:\/\/diarioregionaldigital.com.br\/index.php?rest_route=\/wp\/v2\/media\/147057"}],"wp:attachment":[{"href":"https:\/\/diarioregionaldigital.com.br\/index.php?rest_route=%2Fwp%2Fv2%2Fmedia&parent=147099"}],"wp:term":[{"taxonomy":"category","embeddable":true,"href":"https:\/\/diarioregionaldigital.com.br\/index.php?rest_route=%2Fwp%2Fv2%2Fcategories&post=147099"},{"taxonomy":"post_tag","embeddable":true,"href":"https:\/\/diarioregionaldigital.com.br\/index.php?rest_route=%2Fwp%2Fv2%2Ftags&post=147099"}],"curies":[{"name":"wp","href":"https:\/\/api.w.org\/{rel}","templated":true}]}}