{"id":147091,"date":"2019-09-02T18:30:23","date_gmt":"2019-09-02T21:30:23","guid":{"rendered":"https:\/\/diarioregionaldigital.com.br\/?p=147091"},"modified":"2019-09-02T18:30:23","modified_gmt":"2019-09-02T21:30:23","slug":"cmj-promove-forum-municipal-da-juventude","status":"publish","type":"post","link":"https:\/\/diarioregionaldigital.com.br\/?p=147091","title":{"rendered":"CMJ promove \u201cF\u00f3rum Municipal da Juventude\u201d"},"content":{"rendered":"<p>O Conselho Municipal da Juventude (CMJ), vinculado \u00e0 Secretaria de Desenvolvimento Social (SDS) da Prefeitura de Juiz de Fora (PJF), promover\u00e1 nesta ter\u00e7a-feira, 3, no Centro Cultural \u201cBernardo Mascarenhas\u201d, o \u201cF\u00f3rum Municipal da Juventude\u201d. Na ocasi\u00e3o, \u00e0s 14 horas, ser\u00e1 apresentado \u00e0 sociedade o \u201cPlano de Pol\u00edticas\u201d para o setor, aprovado pela plen\u00e1ria do CMJ. O evento ser\u00e1 aberto, n\u00e3o sendo necess\u00e1ria inscri\u00e7\u00e3o pr\u00e9via.<\/p>\n<p>Segundo a presidente do CMJ, La\u00edz Perrut, \u201c\u00e9 mais um passo importante para a constru\u00e7\u00e3o do \u2018Plano Municipal de Pol\u00edticas para a Juventude\u2019. Nele, ser\u00e1 poss\u00edvel a sociedade participar e dizer, mais uma vez, o que quer para a juventude juiz-forana\u201d, disse atrav\u00e9s de nova divulgada pela assessoria.<\/p>\n<p>Sempre tendo como foco a juventude, o f\u00f3rum contar\u00e1 com quatro grupos tem\u00e1ticos: 1 &#8211; \u201cEduca\u00e7\u00e3o\u201d\/\u201cMundo do Trabalho\u201d; 2 &#8211; \u201cSa\u00fade, Esporte e Lazer\u201d\/\u201cDireito \u00e0 Cultura\u201d; 3 &#8211; \u201cTerrit\u00f3rio, Meio Ambiente e Culturas Locais\u201d\/ \u201cJuventude e Seguran\u00e7a P\u00fablica\u201d; 4 &#8211; \u201cDemocracia\u201d\/\u201cDiversidade\u201d.<\/p>\n<p>Ap\u00f3s o F\u00f3rum, as sugest\u00f5es ser\u00e3o encaminhadas \u00e0 Comiss\u00e3o de Pol\u00edtica do Conselho, que avaliar\u00e1 as possibilidades para contempla\u00e7\u00e3o das propostas apresentadas. Posteriormente, o Plano ser\u00e1 encaminhado \u00e0 SDS, que dar\u00e1 andamento \u00e0 tramita\u00e7\u00e3o junto \u00e0 C\u00e2mara Municipal de Juiz de Fora.<\/p>\n","protected":false},"excerpt":{"rendered":"<p>O Conselho Municipal da Juventude (CMJ), vinculado \u00e0 Secretaria de Desenvolvimento Social (SDS) da Prefeitura de Juiz de Fora (PJF), promover\u00e1 nesta ter\u00e7a-feira, 3, no Centro Cultural \u201cBernardo Mascarenhas\u201d, o \u201cF\u00f3rum Municipal da Juventude\u201d. Na ocasi\u00e3o, \u00e0s 14 horas, ser\u00e1 apresentado \u00e0 sociedade o \u201cPlano de Pol\u00edticas\u201d para o setor, aprovado pela plen\u00e1ria do CMJ. [&hellip;]<\/p>\n","protected":false},"author":96,"featured_media":147092,"comment_status":"closed","ping_status":"closed","sticky":false,"template":"","format":"standard","meta":{"footnotes":""},"categories":[253,436,439],"tags":[],"class_list":["post-147091","post","type-post","status-publish","format-standard","has-post-thumbnail","hentry","category-cidade","category-destaque-da-semana","category-ultima-hora"],"_links":{"self":[{"href":"https:\/\/diarioregionaldigital.com.br\/index.php?rest_route=\/wp\/v2\/posts\/147091","targetHints":{"allow":["GET"]}}],"collection":[{"href":"https:\/\/diarioregionaldigital.com.br\/index.php?rest_route=\/wp\/v2\/posts"}],"about":[{"href":"https:\/\/diarioregionaldigital.com.br\/index.php?rest_route=\/wp\/v2\/types\/post"}],"author":[{"embeddable":true,"href":"https:\/\/diarioregionaldigital.com.br\/index.php?rest_route=\/wp\/v2\/users\/96"}],"replies":[{"embeddable":true,"href":"https:\/\/diarioregionaldigital.com.br\/index.php?rest_route=%2Fwp%2Fv2%2Fcomments&post=147091"}],"version-history":[{"count":0,"href":"https:\/\/diarioregionaldigital.com.br\/index.php?rest_route=\/wp\/v2\/posts\/147091\/revisions"}],"wp:featuredmedia":[{"embeddable":true,"href":"https:\/\/diarioregionaldigital.com.br\/index.php?rest_route=\/wp\/v2\/media\/147092"}],"wp:attachment":[{"href":"https:\/\/diarioregionaldigital.com.br\/index.php?rest_route=%2Fwp%2Fv2%2Fmedia&parent=147091"}],"wp:term":[{"taxonomy":"category","embeddable":true,"href":"https:\/\/diarioregionaldigital.com.br\/index.php?rest_route=%2Fwp%2Fv2%2Fcategories&post=147091"},{"taxonomy":"post_tag","embeddable":true,"href":"https:\/\/diarioregionaldigital.com.br\/index.php?rest_route=%2Fwp%2Fv2%2Ftags&post=147091"}],"curies":[{"name":"wp","href":"https:\/\/api.w.org\/{rel}","templated":true}]}}