{"id":147089,"date":"2019-09-02T18:21:02","date_gmt":"2019-09-02T21:21:02","guid":{"rendered":"https:\/\/diarioregionaldigital.com.br\/?p=147089"},"modified":"2019-09-02T18:21:02","modified_gmt":"2019-09-02T21:21:02","slug":"empav-anuncia-cortes-de-31-comissionados","status":"publish","type":"post","link":"https:\/\/diarioregionaldigital.com.br\/?p=147089","title":{"rendered":"Empav anuncia cortes de 31 comissionados"},"content":{"rendered":"<p>Nesta segunda-feira, 2, a Empresa Municipal de Pavimenta\u00e7\u00e3o e Urbaniza\u00e7\u00e3o (Empav) anunciou o corte de 31 cargos comissionados entre os meses julho e agosto deste ano. Conforme a nota divulgada, foram 21 cortes de cargos comissionados na \u00faltima sexta-feira, 30, e outros dez em julho, visando diminuir as despesas e recuperar o pleno funcionamento.<\/p>\n<p>A a\u00e7\u00e3o faz parte da segunda etapa da reforma administrativa que tem como meta as administra\u00e7\u00f5es indiretas do munic\u00edpio. Com os desligamentos, a empresa ter\u00e1 economia anual de aproximadamente R$ 1,7 milh\u00e3o.<\/p>\n<p>Atrav\u00e9s de uma nota divulgada pela assessoria, o diretor-presidente da Empav, F\u00falvio Albertoni, falou sobre a decis\u00e3o. &#8220;Estamos cumprindo uma determina\u00e7\u00e3o do Minist\u00e9rio P\u00fablico. A Empav tem que ser revista estruturalmente para buscar o equil\u00edbrio. Recuperar as contas de uma empresa n\u00e3o \u00e9 uma tarefa f\u00e1cil e, \u00e0s vezes, o rem\u00e9dio \u00e9 amargo. Nosso objetivo \u00e9 uma estrutura menor e mais produtiva&#8221;, disse.<\/p>\n<p>Ainda conforme a publica\u00e7\u00e3o, entre as atitudes para sanear a situa\u00e7\u00e3o da Empav, al\u00e9m dos desligamentos, est\u00e1 tamb\u00e9m o empr\u00e9stimo com a Caixa Econ\u00f4mica Federal, na ordem de R$ 90 milh\u00f5es, onde R$ 50 milh\u00f5es ser\u00e3o destinados para o recapeamento asf\u00e1ltico e R$ 30 milh\u00f5es para a recupera\u00e7\u00e3o da empresa. A prioridade nos asfaltamentos ser\u00e3o os corredores de tr\u00e1fego e vias que interligam bairros. A previs\u00e3o \u00e9 de que ainda este ano as interven\u00e7\u00f5es tenham in\u00edcio.<\/p>\n","protected":false},"excerpt":{"rendered":"<p>Nesta segunda-feira, 2, a Empresa Municipal de Pavimenta\u00e7\u00e3o e Urbaniza\u00e7\u00e3o (Empav) anunciou o corte de 31 cargos comissionados entre os meses julho e agosto deste ano. Conforme a nota divulgada, foram 21 cortes de cargos comissionados na \u00faltima sexta-feira, 30, e outros dez em julho, visando diminuir as despesas e recuperar o pleno funcionamento. A [&hellip;]<\/p>\n","protected":false},"author":96,"featured_media":147086,"comment_status":"closed","ping_status":"closed","sticky":false,"template":"","format":"standard","meta":{"footnotes":""},"categories":[253,436,440,439],"tags":[],"class_list":["post-147089","post","type-post","status-publish","format-standard","has-post-thumbnail","hentry","category-cidade","category-destaque-da-semana","category-destaques-do-dia","category-ultima-hora"],"_links":{"self":[{"href":"https:\/\/diarioregionaldigital.com.br\/index.php?rest_route=\/wp\/v2\/posts\/147089","targetHints":{"allow":["GET"]}}],"collection":[{"href":"https:\/\/diarioregionaldigital.com.br\/index.php?rest_route=\/wp\/v2\/posts"}],"about":[{"href":"https:\/\/diarioregionaldigital.com.br\/index.php?rest_route=\/wp\/v2\/types\/post"}],"author":[{"embeddable":true,"href":"https:\/\/diarioregionaldigital.com.br\/index.php?rest_route=\/wp\/v2\/users\/96"}],"replies":[{"embeddable":true,"href":"https:\/\/diarioregionaldigital.com.br\/index.php?rest_route=%2Fwp%2Fv2%2Fcomments&post=147089"}],"version-history":[{"count":0,"href":"https:\/\/diarioregionaldigital.com.br\/index.php?rest_route=\/wp\/v2\/posts\/147089\/revisions"}],"wp:featuredmedia":[{"embeddable":true,"href":"https:\/\/diarioregionaldigital.com.br\/index.php?rest_route=\/wp\/v2\/media\/147086"}],"wp:attachment":[{"href":"https:\/\/diarioregionaldigital.com.br\/index.php?rest_route=%2Fwp%2Fv2%2Fmedia&parent=147089"}],"wp:term":[{"taxonomy":"category","embeddable":true,"href":"https:\/\/diarioregionaldigital.com.br\/index.php?rest_route=%2Fwp%2Fv2%2Fcategories&post=147089"},{"taxonomy":"post_tag","embeddable":true,"href":"https:\/\/diarioregionaldigital.com.br\/index.php?rest_route=%2Fwp%2Fv2%2Ftags&post=147089"}],"curies":[{"name":"wp","href":"https:\/\/api.w.org\/{rel}","templated":true}]}}