{"id":147084,"date":"2019-09-02T18:19:59","date_gmt":"2019-09-02T21:19:59","guid":{"rendered":"https:\/\/diarioregionaldigital.com.br\/?p=147084"},"modified":"2019-09-02T18:19:59","modified_gmt":"2019-09-02T21:19:59","slug":"pl-em-tramite-obriga-supermercados-a-auxiliar-deficientes-visuais-durante-as-compras","status":"publish","type":"post","link":"https:\/\/diarioregionaldigital.com.br\/?p=147084","title":{"rendered":"PL em tr\u00e2mite obriga supermercados a auxiliar deficientes visuais durante as compras"},"content":{"rendered":"<p>O projeto de Lei (PL) de autoria do vereador Jo\u00e3o Coteca (PR), que est\u00e1 em tr\u00e2mite nas comiss\u00f5es tem\u00e1ticas da C\u00e2mara, prev\u00ea que os hiper e supermercados de m\u00e9dio e grande porte dever\u00e3o disponibilizar funcion\u00e1rios capacitados para auxiliar deficientes visuais. A proposta indica que os estabelecimentos comerciais ser\u00e3o identificados de acordo com o n\u00famero de empregados, classifica\u00e7\u00e3o utilizada pelo Sebrae e pela legisla\u00e7\u00e3o tribut\u00e1ria vigente.<\/p>\n<p>Os hiper e supermercados que descumprirem as normas estar\u00e3o sujeitos \u00e0 advert\u00eancia, multa e suspens\u00e3o do alvar\u00e1 de funcionamento por at\u00e9 um ano, observando o devido processo legal e a ampla defesa, sem preju\u00edzo da aplica\u00e7\u00e3o da multa da reincid\u00eancia, no valor de R$500,00. Os recursos arrecadados com aplica\u00e7\u00e3o das multas previstas nesta lei ser\u00e3o destinados ao Conselho Municipal dos Direitos da Pessoa com Defici\u00eancia (CMDPD), para aplica\u00e7\u00e3o em programas educacionais.<\/p>\n<p>Coteca ressalta que a pessoa com defici\u00eancia visual \u00e9 \u201csujeito de direitos e responsabilidade sociais como qualquer outro cidad\u00e3o, portanto, \u00e9 obriga\u00e7\u00e3o do Poder P\u00fablico tomar provid\u00eancias que lhes conceda oportunidades de participa\u00e7\u00e3o social, inclusive quanto\u00a0 a emancipa\u00e7\u00e3o nas tarefas mais rotineiras como, por exemplo, fazer suas compras em qualquer hipermercado ou supermercado e ter assegurados a acessibilidade e o pleno exerc\u00edcio da cidadania.<\/p>\n<p>&nbsp;<\/p>\n<p>Fonte: CMJF<\/p>\n","protected":false},"excerpt":{"rendered":"<p>O projeto de Lei (PL) de autoria do vereador Jo\u00e3o Coteca (PR), que est\u00e1 em tr\u00e2mite nas comiss\u00f5es tem\u00e1ticas da C\u00e2mara, prev\u00ea que os hiper e supermercados de m\u00e9dio e grande porte dever\u00e3o disponibilizar funcion\u00e1rios capacitados para auxiliar deficientes visuais. A proposta indica que os estabelecimentos comerciais ser\u00e3o identificados de acordo com o n\u00famero de [&hellip;]<\/p>\n","protected":false},"author":96,"featured_media":147087,"comment_status":"closed","ping_status":"closed","sticky":false,"template":"","format":"standard","meta":{"footnotes":""},"categories":[253,436,440,439],"tags":[],"class_list":["post-147084","post","type-post","status-publish","format-standard","has-post-thumbnail","hentry","category-cidade","category-destaque-da-semana","category-destaques-do-dia","category-ultima-hora"],"_links":{"self":[{"href":"https:\/\/diarioregionaldigital.com.br\/index.php?rest_route=\/wp\/v2\/posts\/147084","targetHints":{"allow":["GET"]}}],"collection":[{"href":"https:\/\/diarioregionaldigital.com.br\/index.php?rest_route=\/wp\/v2\/posts"}],"about":[{"href":"https:\/\/diarioregionaldigital.com.br\/index.php?rest_route=\/wp\/v2\/types\/post"}],"author":[{"embeddable":true,"href":"https:\/\/diarioregionaldigital.com.br\/index.php?rest_route=\/wp\/v2\/users\/96"}],"replies":[{"embeddable":true,"href":"https:\/\/diarioregionaldigital.com.br\/index.php?rest_route=%2Fwp%2Fv2%2Fcomments&post=147084"}],"version-history":[{"count":0,"href":"https:\/\/diarioregionaldigital.com.br\/index.php?rest_route=\/wp\/v2\/posts\/147084\/revisions"}],"wp:featuredmedia":[{"embeddable":true,"href":"https:\/\/diarioregionaldigital.com.br\/index.php?rest_route=\/wp\/v2\/media\/147087"}],"wp:attachment":[{"href":"https:\/\/diarioregionaldigital.com.br\/index.php?rest_route=%2Fwp%2Fv2%2Fmedia&parent=147084"}],"wp:term":[{"taxonomy":"category","embeddable":true,"href":"https:\/\/diarioregionaldigital.com.br\/index.php?rest_route=%2Fwp%2Fv2%2Fcategories&post=147084"},{"taxonomy":"post_tag","embeddable":true,"href":"https:\/\/diarioregionaldigital.com.br\/index.php?rest_route=%2Fwp%2Fv2%2Ftags&post=147084"}],"curies":[{"name":"wp","href":"https:\/\/api.w.org\/{rel}","templated":true}]}}