{"id":147078,"date":"2019-09-02T18:16:26","date_gmt":"2019-09-02T21:16:26","guid":{"rendered":"https:\/\/diarioregionaldigital.com.br\/?p=147078"},"modified":"2019-09-02T18:16:26","modified_gmt":"2019-09-02T21:16:26","slug":"brasil-despacha-a-colombia-e-conquista-13o-titulo-consecutivo","status":"publish","type":"post","link":"https:\/\/diarioregionaldigital.com.br\/?p=147078","title":{"rendered":"Brasil despacha a Col\u00f4mbia e conquista 13\u00ba t\u00edtulo consecutivo"},"content":{"rendered":"<p>O Brasil chegou ao topo do continente mais uma vez. Pela 21\u00aa vez, mais precisamente \u2013 13 de maneira consecutiva. Na noite deste domingo (01), as comandadas do t\u00e9cnico Jos\u00e9 Roberto Guimar\u00e3es dominaram a Col\u00f4mbia e conquistaram o t\u00edtulo do Campeonato Sul-Americano feminino de v\u00f4lei 2019, que foi realizado em Cajamarca, no Peru.<\/p>\n<p>Agora, os dois pa\u00edses decidiram a medalha de ouro nas duas \u00faltimas edi\u00e7\u00f5es do evento. As brasileiras levaram a melhor com um duplo 3 a 0 no marcador.<\/p>\n<p>&nbsp;<\/p>\n<p><strong>O JOGO<\/strong><\/p>\n<p>Em solo peruano, a partida n\u00e3o foi f\u00e1cil. Mesmo contando com for\u00e7a m\u00e1xima, o Brasil viu o advers\u00e1rio equilibrar as a\u00e7\u00f5es e brigar ponto a ponto no primeiro set. A Col\u00f4mbia esteve \u00e0 frente no marcador em diversos momentos, mas n\u00e3o conseguiu segurar a vantagem. Crescendo quando exigida, a equipe verde e amarela definiu e fechou a parcial em 25 a 22.<\/p>\n<p>O duelo seguiu bastante disputado. Querendo apagar a derrota em 2017, o time colombiano partiu para cima e virou bolas importantes. Novamente, a Sele\u00e7\u00e3o Brasileira cresceu no momento decisivo e recuperou o prest\u00edgio em quadra. Partindo para cima e aumentando o volume do ataque, o elenco virou o preju\u00edzo inicial e novamente triunfou. Desta vez, por 25 a 23.<\/p>\n<p>A Col\u00f4mbia sentiu a press\u00e3o de ter de correr atr\u00e1s diante do Brasil, que dominou o terceiro set. Impondo o ritmo, a t\u00edtulo estava cada vez mais perto. E n\u00e3o deu outra. Anotando 25 a 20, a Sele\u00e7\u00e3o Brasileira reinou em Cajamarca e seguiu dominante no Sul-Americano.<\/p>\n<p>Fonte: Olimp\u00edada Todo Dia<\/p>\n","protected":false},"excerpt":{"rendered":"<p>O Brasil chegou ao topo do continente mais uma vez. Pela 21\u00aa vez, mais precisamente \u2013 13 de maneira consecutiva. Na noite deste domingo (01), as comandadas do t\u00e9cnico Jos\u00e9 Roberto Guimar\u00e3es dominaram a Col\u00f4mbia e conquistaram o t\u00edtulo do Campeonato Sul-Americano feminino de v\u00f4lei 2019, que foi realizado em Cajamarca, no Peru. Agora, os [&hellip;]<\/p>\n","protected":false},"author":96,"featured_media":147076,"comment_status":"closed","ping_status":"closed","sticky":false,"template":"","format":"standard","meta":{"footnotes":""},"categories":[436,257,439],"tags":[],"class_list":["post-147078","post","type-post","status-publish","format-standard","has-post-thumbnail","hentry","category-destaque-da-semana","category-esporte","category-ultima-hora"],"_links":{"self":[{"href":"https:\/\/diarioregionaldigital.com.br\/index.php?rest_route=\/wp\/v2\/posts\/147078","targetHints":{"allow":["GET"]}}],"collection":[{"href":"https:\/\/diarioregionaldigital.com.br\/index.php?rest_route=\/wp\/v2\/posts"}],"about":[{"href":"https:\/\/diarioregionaldigital.com.br\/index.php?rest_route=\/wp\/v2\/types\/post"}],"author":[{"embeddable":true,"href":"https:\/\/diarioregionaldigital.com.br\/index.php?rest_route=\/wp\/v2\/users\/96"}],"replies":[{"embeddable":true,"href":"https:\/\/diarioregionaldigital.com.br\/index.php?rest_route=%2Fwp%2Fv2%2Fcomments&post=147078"}],"version-history":[{"count":0,"href":"https:\/\/diarioregionaldigital.com.br\/index.php?rest_route=\/wp\/v2\/posts\/147078\/revisions"}],"wp:featuredmedia":[{"embeddable":true,"href":"https:\/\/diarioregionaldigital.com.br\/index.php?rest_route=\/wp\/v2\/media\/147076"}],"wp:attachment":[{"href":"https:\/\/diarioregionaldigital.com.br\/index.php?rest_route=%2Fwp%2Fv2%2Fmedia&parent=147078"}],"wp:term":[{"taxonomy":"category","embeddable":true,"href":"https:\/\/diarioregionaldigital.com.br\/index.php?rest_route=%2Fwp%2Fv2%2Fcategories&post=147078"},{"taxonomy":"post_tag","embeddable":true,"href":"https:\/\/diarioregionaldigital.com.br\/index.php?rest_route=%2Fwp%2Fv2%2Ftags&post=147078"}],"curies":[{"name":"wp","href":"https:\/\/api.w.org\/{rel}","templated":true}]}}