{"id":147051,"date":"2019-09-02T15:22:18","date_gmt":"2019-09-02T18:22:18","guid":{"rendered":"https:\/\/diarioregionaldigital.com.br\/?p=147051"},"modified":"2019-09-02T15:22:18","modified_gmt":"2019-09-02T18:22:18","slug":"precos-de-alimentos-provocam-queda-do-ipc-s-em-agosto","status":"publish","type":"post","link":"https:\/\/diarioregionaldigital.com.br\/?p=147051","title":{"rendered":"Pre\u00e7os de alimentos provocam queda do IPC-S em agosto"},"content":{"rendered":"<p>A infla\u00e7\u00e3o medida pelo \u00cdndice de Pre\u00e7os ao Consumidor Semanal (IPC-S) ficou em 0,17% em agosto deste ano, taxa inferior ao 0,31% de julho. Segundo a Funda\u00e7\u00e3o Getulio Vargas (FGV), a queda da taxa foi provocada principalmente pelos alimentos, que registraram redu\u00e7\u00e3o de pre\u00e7os (defla\u00e7\u00e3o) de 0,36% em agosto, ante uma infla\u00e7\u00e3o de 0,35% em julho.<\/p>\n<p>Tamb\u00e9m registraram queda na taxa os grupos de despesas habita\u00e7\u00e3o (de 1,02% em julho para 0,81% em agosto), vestu\u00e1rio (de -0,24% para -0,29%), sa\u00fade e cuidados pessoais (de 0,38% para 0,18%) e despesas diversas (de 0,35% para -0,05%).<\/p>\n<p>Tr\u00eas grupos de despesa tiveram alta: transportes (de -0,48% para 0,13%), educa\u00e7\u00e3o, leitura e recrea\u00e7\u00e3o (de -0,03% para 0,13%) e comunica\u00e7\u00e3o (de 0,03% para 0,38%).<\/p>\n<p>Fonte: Ag\u00eancia Brasil<\/p>\n","protected":false},"excerpt":{"rendered":"<p>A infla\u00e7\u00e3o medida pelo \u00cdndice de Pre\u00e7os ao Consumidor Semanal (IPC-S) ficou em 0,17% em agosto deste ano, taxa inferior ao 0,31% de julho. Segundo a Funda\u00e7\u00e3o Getulio Vargas (FGV), a queda da taxa foi provocada principalmente pelos alimentos, que registraram redu\u00e7\u00e3o de pre\u00e7os (defla\u00e7\u00e3o) de 0,36% em agosto, ante uma infla\u00e7\u00e3o de 0,35% em [&hellip;]<\/p>\n","protected":false},"author":96,"featured_media":147052,"comment_status":"closed","ping_status":"closed","sticky":false,"template":"","format":"standard","meta":{"footnotes":""},"categories":[436,261,439],"tags":[],"class_list":["post-147051","post","type-post","status-publish","format-standard","has-post-thumbnail","hentry","category-destaque-da-semana","category-economia","category-ultima-hora"],"_links":{"self":[{"href":"https:\/\/diarioregionaldigital.com.br\/index.php?rest_route=\/wp\/v2\/posts\/147051","targetHints":{"allow":["GET"]}}],"collection":[{"href":"https:\/\/diarioregionaldigital.com.br\/index.php?rest_route=\/wp\/v2\/posts"}],"about":[{"href":"https:\/\/diarioregionaldigital.com.br\/index.php?rest_route=\/wp\/v2\/types\/post"}],"author":[{"embeddable":true,"href":"https:\/\/diarioregionaldigital.com.br\/index.php?rest_route=\/wp\/v2\/users\/96"}],"replies":[{"embeddable":true,"href":"https:\/\/diarioregionaldigital.com.br\/index.php?rest_route=%2Fwp%2Fv2%2Fcomments&post=147051"}],"version-history":[{"count":0,"href":"https:\/\/diarioregionaldigital.com.br\/index.php?rest_route=\/wp\/v2\/posts\/147051\/revisions"}],"wp:featuredmedia":[{"embeddable":true,"href":"https:\/\/diarioregionaldigital.com.br\/index.php?rest_route=\/wp\/v2\/media\/147052"}],"wp:attachment":[{"href":"https:\/\/diarioregionaldigital.com.br\/index.php?rest_route=%2Fwp%2Fv2%2Fmedia&parent=147051"}],"wp:term":[{"taxonomy":"category","embeddable":true,"href":"https:\/\/diarioregionaldigital.com.br\/index.php?rest_route=%2Fwp%2Fv2%2Fcategories&post=147051"},{"taxonomy":"post_tag","embeddable":true,"href":"https:\/\/diarioregionaldigital.com.br\/index.php?rest_route=%2Fwp%2Fv2%2Ftags&post=147051"}],"curies":[{"name":"wp","href":"https:\/\/api.w.org\/{rel}","templated":true}]}}