{"id":147044,"date":"2019-09-02T15:04:44","date_gmt":"2019-09-02T18:04:44","guid":{"rendered":"https:\/\/diarioregionaldigital.com.br\/?p=147044"},"modified":"2019-09-02T15:04:44","modified_gmt":"2019-09-02T18:04:44","slug":"inclusao-de-pms-e-pauta-em-comissao-de-previdencia-das-forcas-armadas","status":"publish","type":"post","link":"https:\/\/diarioregionaldigital.com.br\/?p=147044","title":{"rendered":"Inclus\u00e3o de PMs \u00e9 pauta em comiss\u00e3o de previd\u00eancia das For\u00e7as Armadas"},"content":{"rendered":"<p>Uma poss\u00edvel inclus\u00e3o de policiais e bombeiros militares estaduais no Projeto de Lei da Prote\u00e7\u00e3o Social das For\u00e7as Armadas (PL 1645\/19), como \u00e9 chamado o sistema previdenci\u00e1rio dos militares, \u00e9 o principal ponto de debate na comiss\u00e3o especial da C\u00e2mara dos Deputados que analisa o tema.<\/p>\n<p>Para a audi\u00eancia sobre o tema da pr\u00f3xima ter\u00e7a-feira (3), a comiss\u00e3o convidou o presidente do Clube Militar, general de divis\u00e3o Eduardo Jos\u00e9 Barbosa; a presidente da Uni\u00e3o Nacional de Familiares das For\u00e7as Armadas e Auxiliares,, Kelma Costa; o vice-presidente da Associa\u00e7\u00e3o dos Militares das For\u00e7as Armadas de S\u00e3o Paulo (Amfaesp), entre outros membros de associa\u00e7\u00f5es relacionadas ao assunto.<\/p>\n<h2>Debate<\/h2>\n<p>Em audi\u00eancia p\u00fablica no colegiado, o secret\u00e1rio de Previd\u00eancia e Trabalho, Rog\u00e9rio Marinho, disse na quinta-feira (29) que uma eventual inclus\u00e3o das categorias no PL 1645\/19 caber\u00e1 ao Congresso Nacional. Ele tamb\u00e9m argumentou que poss\u00edveis mudan\u00e7as na proposta devem ser discutidas com os governadores.<\/p>\n<p>\u201cO que eu alertei aqui foi que h\u00e1 necessidade de que haja responsabilidade fiscal e uma concerta\u00e7\u00e3o ampla, ou seja, os governadores precisam participar desse processo de discuss\u00e3o, j\u00e1 que or\u00e7amentariamente e constitucionalmente h\u00e1 uma vincula\u00e7\u00e3o, inclusive hier\u00e1rquica, das pol\u00edcias militares com os governadores de cada estado da federa\u00e7\u00e3o\u201d, afirmou Marinho ap\u00f3s a audi\u00eancia.<\/p>\n<p>Segundo o secret\u00e1rio, a inclus\u00e3o dos militares estaduais ao PL 1645\/19 deve contemplar as mesmas regras que poder\u00e3o ser aplicadas \u00e0s For\u00e7as Armadas, como o aumento do tempo de servi\u00e7o de 30 para 35 anos e o pagamento de contribui\u00e7\u00e3o previdenci\u00e1ria pelos pensionistas.<\/p>\n<p>\u201cPelo que ouvi aqui, h\u00e1 um certo consenso que tem que se haver responsabilidade. N\u00e3o adianta simplesmente trazermos para dentro do processo os policiais militares, sem que haja uma contrapartida fiscal\u201d, acrescentou.<\/p>\n<p>Na\u00a0audi\u00eancia p\u00fablica\u00a0na comiss\u00e3o especial, que contou com a presen\u00e7a do ministro da Defesa, Fernando Azevedo e Silva, e com os comandantes das tr\u00eas For\u00e7as, deputados ligados \u00e0s pol\u00edcias militares criticaram a aus\u00eancia desses profissionais e dos bombeiros militares na proposta.<\/p>\n<p>O presidente da Frente Parlamentar da Seguran\u00e7a P\u00fablica, deputado Capit\u00e3o Augusto (PL-SP), defendeu que policiais e bombeiros militares fa\u00e7am parte do texto. \u201cEstamos pedindo o m\u00ednimo. Se for para nos tratar como civis, eu vou querer os mesmos direitos. S\u00f3 que quero greve e sindicato\u201d, disse o parlamentar durante a\u00a0audi\u00eancia p\u00fablica.<\/p>\n<p>Para ele, os policiais militares t\u00eam todas as limita\u00e7\u00f5es das For\u00e7as Armadas, como falta de adicionais noturno e de insalubridade, e nem todos os benef\u00edcios, como vilas militares ou alimenta\u00e7\u00e3o gratuita em quart\u00e9is.<\/p>\n<p>Em outra\u00a0audi\u00eancia, ocorrida no \u00faltimo dia 27, o ministro da Defesa pediu a aprova\u00e7\u00e3o da proposta enviada ao Congresso pelo governo federal em mar\u00e7o, que muda as regras previdenci\u00e1rias dos militares e reestrutura a carreira das For\u00e7as Armadas.<\/p>\n<p>Para Azevedo e Silva, a reforma valoriza a carreira como de Estado e contribui para atra\u00e7\u00e3o e reten\u00e7\u00e3o de profissionais. Segundo o ministro, a reestrutura\u00e7\u00e3o das carreiras militares n\u00e3o pode ser classificada como aumento salarial, \u201cpor n\u00e3o promover um reajuste linear de vencimentos\u201d.<\/p>\n<h2>Aposentadoria militar<\/h2>\n<p>A aposentadoria na carreira militar tem diferen\u00e7as em rela\u00e7\u00e3o aos trabalhadores civis do Regime Geral de Previd\u00eancia Social (RGPS). Segundo a\u00a0<a href=\"http:\/\/www.planalto.gov.br\/ccivil_03\/LEIS\/L6880.htm\" target=\"_blank\" rel=\"noopener\">Lei 6.880 de 1980<\/a>, um militar, quando passa \u00e0 reserva remunerada, ainda continua \u00e0 disposi\u00e7\u00e3o das For\u00e7as Armadas, e pode voltar \u00e0 ativa em casos de \u201cestado de guerra, estado de s\u00edtio, estado de emerg\u00eancia ou em caso de mobiliza\u00e7\u00e3o\u201d.<\/p>\n<p>Quando v\u00e3o para a reforma, os militares passam definitivamente \u00e0 inatividade. Entre outras condi\u00e7\u00f5es, o militar ser\u00e1 reformado quando atingir as idades-limite de perman\u00eancia na reserva e quando for julgado incapaz, definitivamente, para o servi\u00e7o ativo das For\u00e7as Armadas.<\/p>\n<p>Os\u00a0militares passar\u00e3o a contribuir\u00a0mais para a previd\u00eancia especial e a trabalhar mais para terem direito a aposentadorias e pens\u00f5es. Segundo a proposta do governo, haver\u00e1 um aumento progressivo na al\u00edquota de contribui\u00e7\u00e3o previdenci\u00e1ria. Atualmente, essa al\u00edquota est\u00e1 em 7,5%. A proposta \u00e9 que cada ano seja aplicado o aumento de um ponto percentual at\u00e9 2022, quando essa al\u00edquota deve chegar a 10,5%, valor a ser praticado desse ano em diante.<\/p>\n<p>Outra altera\u00e7\u00e3o ser\u00e1 a universaliza\u00e7\u00e3o da al\u00edquota. Atualmente, pensionistas, alunos de escolas de forma\u00e7\u00e3o, al\u00e9m de cabos e soldados durante o servi\u00e7o militar obrigat\u00f3rio n\u00e3o pagam contribui\u00e7\u00e3o. Com a nova regra, todas essas categorias pagar\u00e3o os mesmos 10,5% a partir de 2022, assim como os ativos e inativos.<\/p>\n<p>A nova regra prev\u00ea um aumento de cinco anos no tempo de servi\u00e7o, aumentando de 30 para 35 anos, tanto para homens quanto para mulheres. J\u00e1 a idade m\u00ednima para a reserva remunerada varia de acordo com a patente do militar. Quanto mais alta a patente, maior a idade m\u00ednima. Essa varia\u00e7\u00e3o j\u00e1 existe na regra atual e, na proposta do governo, todas as idades s\u00e3o aumentadas. No caso de general de Ex\u00e9rcito, a maior patente, a idade aumentaria para 70 anos.<\/p>\n<h2>Transi\u00e7\u00e3o<\/h2>\n<p>Os militares que j\u00e1 tiverem 30 anos de servi\u00e7o ativo na data em que a nova lei entrar em vigor ter\u00e3o direito de transfer\u00eancia para a reserva remunerada assegurado. O militar da ativa que ainda n\u00e3o preencher os requisitos para passar \u00e0 inatividade dever\u00e1 cumprir o tempo que falta para completar 30 anos de servi\u00e7o acrescido de um ped\u00e1gio de 17% do tempo faltante. Dessa forma, um militar com dez anos de carreira dever\u00e1 trabalhar 3,4 anos al\u00e9m dos 30 anos. Quem tem 15 anos nas For\u00e7as Armadas dever\u00e1 trabalhar 2,5 anos a mais, totalizando 32,5 anos. Quem tiver 20 anos precisar\u00e1 trabalhar 1,7 ano a mais, totalizando 31,7 anos.<\/p>\n<p>Fonte: Ag\u00eancia Brasil<\/p>\n","protected":false},"excerpt":{"rendered":"<p>Uma poss\u00edvel inclus\u00e3o de policiais e bombeiros militares estaduais no Projeto de Lei da Prote\u00e7\u00e3o Social das For\u00e7as Armadas (PL 1645\/19), como \u00e9 chamado o sistema previdenci\u00e1rio dos militares, \u00e9 o principal ponto de debate na comiss\u00e3o especial da C\u00e2mara dos Deputados que analisa o tema. Para a audi\u00eancia sobre o tema da pr\u00f3xima ter\u00e7a-feira [&hellip;]<\/p>\n","protected":false},"author":96,"featured_media":147045,"comment_status":"closed","ping_status":"closed","sticky":false,"template":"","format":"standard","meta":{"footnotes":""},"categories":[436,254,439],"tags":[],"class_list":["post-147044","post","type-post","status-publish","format-standard","has-post-thumbnail","hentry","category-destaque-da-semana","category-politica","category-ultima-hora"],"_links":{"self":[{"href":"https:\/\/diarioregionaldigital.com.br\/index.php?rest_route=\/wp\/v2\/posts\/147044","targetHints":{"allow":["GET"]}}],"collection":[{"href":"https:\/\/diarioregionaldigital.com.br\/index.php?rest_route=\/wp\/v2\/posts"}],"about":[{"href":"https:\/\/diarioregionaldigital.com.br\/index.php?rest_route=\/wp\/v2\/types\/post"}],"author":[{"embeddable":true,"href":"https:\/\/diarioregionaldigital.com.br\/index.php?rest_route=\/wp\/v2\/users\/96"}],"replies":[{"embeddable":true,"href":"https:\/\/diarioregionaldigital.com.br\/index.php?rest_route=%2Fwp%2Fv2%2Fcomments&post=147044"}],"version-history":[{"count":0,"href":"https:\/\/diarioregionaldigital.com.br\/index.php?rest_route=\/wp\/v2\/posts\/147044\/revisions"}],"wp:featuredmedia":[{"embeddable":true,"href":"https:\/\/diarioregionaldigital.com.br\/index.php?rest_route=\/wp\/v2\/media\/147045"}],"wp:attachment":[{"href":"https:\/\/diarioregionaldigital.com.br\/index.php?rest_route=%2Fwp%2Fv2%2Fmedia&parent=147044"}],"wp:term":[{"taxonomy":"category","embeddable":true,"href":"https:\/\/diarioregionaldigital.com.br\/index.php?rest_route=%2Fwp%2Fv2%2Fcategories&post=147044"},{"taxonomy":"post_tag","embeddable":true,"href":"https:\/\/diarioregionaldigital.com.br\/index.php?rest_route=%2Fwp%2Fv2%2Ftags&post=147044"}],"curies":[{"name":"wp","href":"https:\/\/api.w.org\/{rel}","templated":true}]}}