{"id":147030,"date":"2019-09-01T06:00:20","date_gmt":"2019-09-01T09:00:20","guid":{"rendered":"https:\/\/diarioregionaldigital.com.br\/?p=147030"},"modified":"2019-08-30T19:01:46","modified_gmt":"2019-08-30T22:01:46","slug":"primeiro-plano-2","status":"publish","type":"post","link":"https:\/\/diarioregionaldigital.com.br\/?p=147030","title":{"rendered":"Primeiro Plano"},"content":{"rendered":"<p style=\"text-align: center;\"><strong>Espet\u00e1culo<\/strong><\/p>\n<p style=\"text-align: center;\">Setembro chega com festa e a programa\u00e7\u00e3o do Divers\u00e3o em Cena ArcelorMittal apresenta no domingo (1\u00ba), o espet\u00e1culo \u201cPra Bagun\u00e7ar\u201d, com o Grupo Cria. O lan\u00e7amento do CD com esse tema ser\u00e1 \u00e0s 16h, no Teatro Solar. Ap\u00f3s o sucesso com a turn\u00ea \u201cFam\u00edlia\u201d, o novo trabalho do Grupo Cria convida o p\u00fablico a refletir sobre os personagens cl\u00e1ssicos da inf\u00e2ncia e ressignificar suas hist\u00f3rias.<\/p>\n<p style=\"text-align: center;\"><strong>L\u00edquido dos Deuses<\/strong><\/p>\n<p style=\"text-align: center;\">O CES\/JF oferece, em setembro deste ano, curso intensivo de vinho certificado pela Escola Francesa de Sommellerie Cafa Wine School. Ao aulas ser\u00e3o ministradas pela pesquisadora e especialista em mercado de vinhos, professora M\u00edriam Aguiar. O conte\u00fado aborda as variedades de uvas e tipos de vinhos, produ\u00e7\u00e3o e servi\u00e7os, t\u00e9cnicas de degusta\u00e7\u00e3o, inicia\u00e7\u00e3o e harmoniza\u00e7\u00e3o.<\/p>\n<p style=\"text-align: center;\"><strong>Reuni\u00e3o<\/strong><\/p>\n<p style=\"text-align: center;\">O Sindicato do Com\u00e9rcio de Juiz de Fora (Sindicom\u00e9rcio-JF) realizou na \u00faltima quinta-feira (22), uma reuni\u00e3o ordin\u00e1ria juntamente com diretores e autoridades a fim de discutir o fechamento da unidade Sesc Pousada na cidade, que ocorreu no \u00faltimo m\u00eas. Estiveram presentes os deputados federais Margarida Salom\u00e3o (PT) e Charles Evangelista (PSL), a deputada estadual delegada Sheila (PSL) e o presidente da C\u00e2mara de Dirigentes Lojistas (CDL) Marcos Casarin.<\/p>\n<p style=\"text-align: center;\"><strong>Primeiro Plano<\/strong><\/p>\n<p style=\"text-align: center;\">A curadoria do Primeiro Plano \u2013 Festival de Cinema de Juiz de Fora e Mercocidades \u2013 decidiu prorrogar as inscri\u00e7\u00f5es para a 18\u00aa edi\u00e7\u00e3o do evento, que acontece entre os dias 4 e 9 de novembro. Novos cineastas interessados em apresentar seus trabalhos t\u00eam agora at\u00e9 o dia 6 de setembro para realizar a inscri\u00e7\u00e3o. Assim como em 2018, o Primeiro Plano 2019 acontece no Teatro Paschoal Carlos Magno, no centro de Juiz de Fora.<\/p>\n<div id=\"attachment_147019\" style=\"width: 690px\" class=\"wp-caption aligncenter\"><img loading=\"lazy\" decoding=\"async\" aria-describedby=\"caption-attachment-147019\" class=\"wp-image-147019\" src=\"https:\/\/diarioregionaldigital.com.br\/wp-content\/uploads\/2019\/08\/fotoa-21-e1567201906959.jpg\" alt=\"\" width=\"680\" height=\"548\" srcset=\"https:\/\/diarioregionaldigital.com.br\/wp-content\/uploads\/2019\/08\/fotoa-21-e1567201906959.jpg 1176w, https:\/\/diarioregionaldigital.com.br\/wp-content\/uploads\/2019\/08\/fotoa-21-e1567201906959-300x242.jpg 300w, https:\/\/diarioregionaldigital.com.br\/wp-content\/uploads\/2019\/08\/fotoa-21-e1567201906959-768x619.jpg 768w, https:\/\/diarioregionaldigital.com.br\/wp-content\/uploads\/2019\/08\/fotoa-21-e1567201906959-1024x825.jpg 1024w, https:\/\/diarioregionaldigital.com.br\/wp-content\/uploads\/2019\/08\/fotoa-21-e1567201906959-360x290.jpg 360w\" sizes=\"auto, (max-width: 680px) 100vw, 680px\" \/><p id=\"caption-attachment-147019\" class=\"wp-caption-text\">A bonita educadora e sobrinha deste colunista Elizangela Gomes festeja anivers\u00e1rio no domingo 1\u00ba de setembro<\/p><\/div>\n<div id=\"attachment_147020\" style=\"width: 690px\" class=\"wp-caption aligncenter\"><img loading=\"lazy\" decoding=\"async\" aria-describedby=\"caption-attachment-147020\" class=\"wp-image-147020\" src=\"https:\/\/diarioregionaldigital.com.br\/wp-content\/uploads\/2019\/08\/fotob-20-e1567201876976.jpg\" alt=\"\" width=\"680\" height=\"551\" srcset=\"https:\/\/diarioregionaldigital.com.br\/wp-content\/uploads\/2019\/08\/fotob-20-e1567201876976.jpg 1176w, https:\/\/diarioregionaldigital.com.br\/wp-content\/uploads\/2019\/08\/fotob-20-e1567201876976-300x243.jpg 300w, https:\/\/diarioregionaldigital.com.br\/wp-content\/uploads\/2019\/08\/fotob-20-e1567201876976-768x622.jpg 768w, https:\/\/diarioregionaldigital.com.br\/wp-content\/uploads\/2019\/08\/fotob-20-e1567201876976-1024x830.jpg 1024w, https:\/\/diarioregionaldigital.com.br\/wp-content\/uploads\/2019\/08\/fotob-20-e1567201876976-360x292.jpg 360w\" sizes=\"auto, (max-width: 680px) 100vw, 680px\" \/><p id=\"caption-attachment-147020\" class=\"wp-caption-text\">Um close em verde e rosa na bela Larissa Lessa, enfeitando nosso domingo maior<\/p><\/div>\n<div id=\"attachment_147021\" style=\"width: 690px\" class=\"wp-caption aligncenter\"><img loading=\"lazy\" decoding=\"async\" aria-describedby=\"caption-attachment-147021\" class=\"wp-image-147021\" src=\"https:\/\/diarioregionaldigital.com.br\/wp-content\/uploads\/2019\/08\/fotoc-19-e1567201855317.jpg\" alt=\"\" width=\"680\" height=\"520\" srcset=\"https:\/\/diarioregionaldigital.com.br\/wp-content\/uploads\/2019\/08\/fotoc-19-e1567201855317.jpg 1176w, https:\/\/diarioregionaldigital.com.br\/wp-content\/uploads\/2019\/08\/fotoc-19-e1567201855317-300x230.jpg 300w, https:\/\/diarioregionaldigital.com.br\/wp-content\/uploads\/2019\/08\/fotoc-19-e1567201855317-768x588.jpg 768w, https:\/\/diarioregionaldigital.com.br\/wp-content\/uploads\/2019\/08\/fotoc-19-e1567201855317-1024x784.jpg 1024w, https:\/\/diarioregionaldigital.com.br\/wp-content\/uploads\/2019\/08\/fotoc-19-e1567201855317-360x276.jpg 360w\" sizes=\"auto, (max-width: 680px) 100vw, 680px\" \/><p id=\"caption-attachment-147021\" class=\"wp-caption-text\">Em destaque a eleg\u00e2ncia de Lucas Villar em sua formatura na Par\u00f3quia Nossa Senhora da Gl\u00f3ria<\/p><\/div>\n<div id=\"attachment_147022\" style=\"width: 690px\" class=\"wp-caption aligncenter\"><img loading=\"lazy\" decoding=\"async\" aria-describedby=\"caption-attachment-147022\" class=\"wp-image-147022\" src=\"https:\/\/diarioregionaldigital.com.br\/wp-content\/uploads\/2019\/08\/fotod-17-e1567201829801.jpg\" alt=\"\" width=\"680\" height=\"474\" srcset=\"https:\/\/diarioregionaldigital.com.br\/wp-content\/uploads\/2019\/08\/fotod-17-e1567201829801.jpg 1176w, https:\/\/diarioregionaldigital.com.br\/wp-content\/uploads\/2019\/08\/fotod-17-e1567201829801-300x210.jpg 300w, https:\/\/diarioregionaldigital.com.br\/wp-content\/uploads\/2019\/08\/fotod-17-e1567201829801-768x536.jpg 768w, https:\/\/diarioregionaldigital.com.br\/wp-content\/uploads\/2019\/08\/fotod-17-e1567201829801-1024x714.jpg 1024w, https:\/\/diarioregionaldigital.com.br\/wp-content\/uploads\/2019\/08\/fotod-17-e1567201829801-360x251.jpg 360w, https:\/\/diarioregionaldigital.com.br\/wp-content\/uploads\/2019\/08\/fotod-17-e1567201829801-100x70.jpg 100w\" sizes=\"auto, (max-width: 680px) 100vw, 680px\" \/><p id=\"caption-attachment-147022\" class=\"wp-caption-text\">A linda estrelinha Let\u00edcia em seu batizado na Par\u00f3quia S\u00e3o Jos\u00e9 com Padre Pierre e S\u00f4nia Zouain (av\u00f3) Frrederico Zouain (pai) e Gisele Zouain (m\u00e3e)<\/p><\/div>\n<div id=\"attachment_147023\" style=\"width: 690px\" class=\"wp-caption aligncenter\"><img loading=\"lazy\" decoding=\"async\" aria-describedby=\"caption-attachment-147023\" class=\"wp-image-147023\" src=\"https:\/\/diarioregionaldigital.com.br\/wp-content\/uploads\/2019\/08\/fotoe-18-e1567201808675.jpg\" alt=\"\" width=\"680\" height=\"536\" srcset=\"https:\/\/diarioregionaldigital.com.br\/wp-content\/uploads\/2019\/08\/fotoe-18-e1567201808675.jpg 1172w, https:\/\/diarioregionaldigital.com.br\/wp-content\/uploads\/2019\/08\/fotoe-18-e1567201808675-300x237.jpg 300w, https:\/\/diarioregionaldigital.com.br\/wp-content\/uploads\/2019\/08\/fotoe-18-e1567201808675-768x605.jpg 768w, https:\/\/diarioregionaldigital.com.br\/wp-content\/uploads\/2019\/08\/fotoe-18-e1567201808675-1024x807.jpg 1024w, https:\/\/diarioregionaldigital.com.br\/wp-content\/uploads\/2019\/08\/fotoe-18-e1567201808675-360x284.jpg 360w\" sizes=\"auto, (max-width: 680px) 100vw, 680px\" \/><p id=\"caption-attachment-147023\" class=\"wp-caption-text\">Mulheres empoderadas em tarde descontra\u00edda, Simone e Yasmin Zaka Tostes<\/p><\/div>\n<div id=\"attachment_147024\" style=\"width: 690px\" class=\"wp-caption aligncenter\"><img loading=\"lazy\" decoding=\"async\" aria-describedby=\"caption-attachment-147024\" class=\"wp-image-147024\" src=\"https:\/\/diarioregionaldigital.com.br\/wp-content\/uploads\/2019\/08\/fotof-19-e1567201784169.jpg\" alt=\"\" width=\"680\" height=\"566\" srcset=\"https:\/\/diarioregionaldigital.com.br\/wp-content\/uploads\/2019\/08\/fotof-19-e1567201784169.jpg 1169w, https:\/\/diarioregionaldigital.com.br\/wp-content\/uploads\/2019\/08\/fotof-19-e1567201784169-300x250.jpg 300w, https:\/\/diarioregionaldigital.com.br\/wp-content\/uploads\/2019\/08\/fotof-19-e1567201784169-768x639.jpg 768w, https:\/\/diarioregionaldigital.com.br\/wp-content\/uploads\/2019\/08\/fotof-19-e1567201784169-1024x852.jpg 1024w, https:\/\/diarioregionaldigital.com.br\/wp-content\/uploads\/2019\/08\/fotof-19-e1567201784169-360x300.jpg 360w\" sizes=\"auto, (max-width: 680px) 100vw, 680px\" \/><p id=\"caption-attachment-147024\" class=\"wp-caption-text\">As lindas integrantes do Bloco S\u00f3 Love, Fl\u00e1via Viana e N\u00e1dia Justi<\/p><\/div>\n<div id=\"attachment_147025\" style=\"width: 690px\" class=\"wp-caption aligncenter\"><img loading=\"lazy\" decoding=\"async\" aria-describedby=\"caption-attachment-147025\" class=\"wp-image-147025\" src=\"https:\/\/diarioregionaldigital.com.br\/wp-content\/uploads\/2019\/08\/fotog-17-e1567201756730.jpg\" alt=\"\" width=\"680\" height=\"518\" srcset=\"https:\/\/diarioregionaldigital.com.br\/wp-content\/uploads\/2019\/08\/fotog-17-e1567201756730.jpg 1169w, https:\/\/diarioregionaldigital.com.br\/wp-content\/uploads\/2019\/08\/fotog-17-e1567201756730-300x229.jpg 300w, https:\/\/diarioregionaldigital.com.br\/wp-content\/uploads\/2019\/08\/fotog-17-e1567201756730-768x585.jpg 768w, https:\/\/diarioregionaldigital.com.br\/wp-content\/uploads\/2019\/08\/fotog-17-e1567201756730-1024x780.jpg 1024w, https:\/\/diarioregionaldigital.com.br\/wp-content\/uploads\/2019\/08\/fotog-17-e1567201756730-360x274.jpg 360w\" sizes=\"auto, (max-width: 680px) 100vw, 680px\" \/><p id=\"caption-attachment-147025\" class=\"wp-caption-text\">No Parque Halfeld durante manifesta\u00e7\u00e3o, Anna Ede e S\u00f4nia Alvim<\/p><\/div>\n<div id=\"attachment_147026\" style=\"width: 690px\" class=\"wp-caption aligncenter\"><img loading=\"lazy\" decoding=\"async\" aria-describedby=\"caption-attachment-147026\" class=\"wp-image-147026\" src=\"https:\/\/diarioregionaldigital.com.br\/wp-content\/uploads\/2019\/08\/fotoh-19-e1567201677614.jpg\" alt=\"\" width=\"680\" height=\"572\" srcset=\"https:\/\/diarioregionaldigital.com.br\/wp-content\/uploads\/2019\/08\/fotoh-19-e1567201677614.jpg 1160w, https:\/\/diarioregionaldigital.com.br\/wp-content\/uploads\/2019\/08\/fotoh-19-e1567201677614-300x252.jpg 300w, https:\/\/diarioregionaldigital.com.br\/wp-content\/uploads\/2019\/08\/fotoh-19-e1567201677614-768x646.jpg 768w, https:\/\/diarioregionaldigital.com.br\/wp-content\/uploads\/2019\/08\/fotoh-19-e1567201677614-1024x862.jpg 1024w, https:\/\/diarioregionaldigital.com.br\/wp-content\/uploads\/2019\/08\/fotoh-19-e1567201677614-360x303.jpg 360w\" sizes=\"auto, (max-width: 680px) 100vw, 680px\" \/><p id=\"caption-attachment-147026\" class=\"wp-caption-text\">Em noite de festa, os lindos Larissa Santos e Alexandre Pereira<\/p><\/div>\n<div id=\"attachment_147027\" style=\"width: 690px\" class=\"wp-caption aligncenter\"><img loading=\"lazy\" decoding=\"async\" aria-describedby=\"caption-attachment-147027\" class=\"wp-image-147027\" src=\"https:\/\/diarioregionaldigital.com.br\/wp-content\/uploads\/2019\/08\/fotoi-18-e1567201637835.jpg\" alt=\"\" width=\"680\" height=\"487\" srcset=\"https:\/\/diarioregionaldigital.com.br\/wp-content\/uploads\/2019\/08\/fotoi-18-e1567201637835.jpg 1172w, https:\/\/diarioregionaldigital.com.br\/wp-content\/uploads\/2019\/08\/fotoi-18-e1567201637835-300x215.jpg 300w, https:\/\/diarioregionaldigital.com.br\/wp-content\/uploads\/2019\/08\/fotoi-18-e1567201637835-768x550.jpg 768w, https:\/\/diarioregionaldigital.com.br\/wp-content\/uploads\/2019\/08\/fotoi-18-e1567201637835-1024x733.jpg 1024w, https:\/\/diarioregionaldigital.com.br\/wp-content\/uploads\/2019\/08\/fotoi-18-e1567201637835-360x258.jpg 360w\" sizes=\"auto, (max-width: 680px) 100vw, 680px\" \/><p id=\"caption-attachment-147027\" class=\"wp-caption-text\">O ator Marcos Ot\u00e1vio com a sobrinha Sophia Fernandes no baile de formatura dela em Direito pela UFJF, no Capit\u00f3lio<\/p><\/div>\n<div id=\"attachment_147029\" style=\"width: 690px\" class=\"wp-caption aligncenter\"><img loading=\"lazy\" decoding=\"async\" aria-describedby=\"caption-attachment-147029\" class=\"wp-image-147029\" src=\"https:\/\/diarioregionaldigital.com.br\/wp-content\/uploads\/2019\/08\/fotol-14-e1567201592848.jpg\" alt=\"\" width=\"680\" height=\"424\" srcset=\"https:\/\/diarioregionaldigital.com.br\/wp-content\/uploads\/2019\/08\/fotol-14-e1567201592848.jpg 1675w, https:\/\/diarioregionaldigital.com.br\/wp-content\/uploads\/2019\/08\/fotol-14-e1567201592848-300x187.jpg 300w, https:\/\/diarioregionaldigital.com.br\/wp-content\/uploads\/2019\/08\/fotol-14-e1567201592848-768x479.jpg 768w, https:\/\/diarioregionaldigital.com.br\/wp-content\/uploads\/2019\/08\/fotol-14-e1567201592848-1024x638.jpg 1024w, https:\/\/diarioregionaldigital.com.br\/wp-content\/uploads\/2019\/08\/fotol-14-e1567201592848-360x224.jpg 360w\" sizes=\"auto, (max-width: 680px) 100vw, 680px\" \/><p id=\"caption-attachment-147029\" class=\"wp-caption-text\">Na Feijoada da Liesjuf no Marianinho, Caio Dias, Fabinho Esteves, Luis Carlos Masson, Aloisio Costa e Tassiane Agostinho<\/p><\/div>\n<div id=\"attachment_147028\" style=\"width: 690px\" class=\"wp-caption aligncenter\"><img loading=\"lazy\" decoding=\"async\" aria-describedby=\"caption-attachment-147028\" class=\"wp-image-147028\" src=\"https:\/\/diarioregionaldigital.com.br\/wp-content\/uploads\/2019\/08\/fotoj-18-e1567201612732.jpg\" alt=\"\" width=\"680\" height=\"456\" srcset=\"https:\/\/diarioregionaldigital.com.br\/wp-content\/uploads\/2019\/08\/fotoj-18-e1567201612732.jpg 1728w, https:\/\/diarioregionaldigital.com.br\/wp-content\/uploads\/2019\/08\/fotoj-18-e1567201612732-300x201.jpg 300w, https:\/\/diarioregionaldigital.com.br\/wp-content\/uploads\/2019\/08\/fotoj-18-e1567201612732-768x515.jpg 768w, https:\/\/diarioregionaldigital.com.br\/wp-content\/uploads\/2019\/08\/fotoj-18-e1567201612732-1024x687.jpg 1024w, https:\/\/diarioregionaldigital.com.br\/wp-content\/uploads\/2019\/08\/fotoj-18-e1567201612732-360x241.jpg 360w\" sizes=\"auto, (max-width: 680px) 100vw, 680px\" \/><p id=\"caption-attachment-147028\" class=\"wp-caption-text\">Bonit\u00f5es no Spazio Design, Bruno Melo, Gleidson Minarini, M\u00e1rcio Marques e Ricardo Alex, Wesley Monteiro e Carlos Sacci<\/p><\/div>\n<p style=\"text-align: center;\"><strong>FOTOSS\u00cdNTESE<\/strong><\/p>\n<p>Batido o martelo, ser\u00e1 dia 8 de outubro durante fino coquetel a comemora\u00e7\u00e3o dos 31 anos de colunismo do titular desta p\u00e1gina com a homenagem aos \u201cMelhores de 2019\u201d. Ser\u00e1 no terra\u00e7o do Trade Hotel.<\/p>\n<p>J\u00e1 est\u00e3o sob o c\u00e9u da Espanha, Mauro Saraiva de Faria, Fernando Schimidt, Ros\u00e1ria e Marcelo Machado Montenegro e Carmem e Aelson Amaral. O grupo est\u00e1 percorrendo a p\u00e9, durante 30 dias, os 790km do Caminho de Santiago de Compostela.<\/p>\n<p>Gente elegante de Juiz de Fora e craques em festas e recep\u00e7\u00f5es participaram do evento Cerimonial Meeting.Por l\u00e1 anotamos: Karminha Lopes, Luis Cl\u00e1udio e Alessandra Paschoalino, S\u00f4nia Galoletti, M\u00f4nica Baldi, Bia Baldi Campos, Diogo Souza Gomes e Andrea Pereira.<\/p>\n<p>Para dan\u00e7ar at\u00e9 o ch\u00e3o, o grupo Bombocado faz a festa no domingo (1\u00ba de setembro), \u00e0s 21h, no Muzik.<\/p>\n<p>Completando 30 anos, a Divis\u00e3o de Patrim\u00f4nio Cultural (Dipac) da Funalfa promove exposi\u00e7\u00e3o contando um pouco de sua hist\u00f3ria, no CCBM.<\/p>\n<p>Mulheres deslumbrantes marcaram presen\u00e7a no evento For Trends. Dentre elas, Fernanda Rubatino, D\u00e9bora de Landa, Ana Paula Calixto e Adriana Barros.<\/p>\n<p>Para quem aprecia o belo, continua em atividade as visitas guiadas ao Cine-Theatro Central e as visitas mediadas ao Museu Mariano Proc\u00f3pio.<\/p>\n<p>O Memorial Presidente Itamar Franco \u00e9 cen\u00e1rio para a coletiva de fotografias, esculturas, pinturas, m\u00fasicas e objetos t\u00edpicos para a exposi\u00e7\u00e3o \u201cReminisc\u00eancias: Dan\u00e7as Populares e Processo Civilizat\u00f3rio no Brasil\u201d.<\/p>\n<p>Vai bombar no dia 29 de setembro, de 13 \u00e0s 20h, no Trade Hotel, a super festa Love is the hair. No palco, a bateria da Mangueira, Banda Muamba, MC Marcinho, grupo Glicose e Bloco S\u00f3 Love.<\/p>\n<p>Para contemplar: \u201cEleg\u00e2ncia \u00e9 a arte de n\u00e3o se fazer notar, aliada ao cuidado sutil de se deixar distinguir\u201d. (Paul Val\u00e9ry). Bom dia.<\/p>\n<p><img loading=\"lazy\" decoding=\"async\" class=\"aligncenter size-full wp-image-146951\" src=\"https:\/\/diarioregionaldigital.com.br\/wp-content\/uploads\/2019\/08\/anunciou-28.jpg\" alt=\"\" width=\"3487\" height=\"668\" srcset=\"https:\/\/diarioregionaldigital.com.br\/wp-content\/uploads\/2019\/08\/anunciou-28.jpg 3487w, https:\/\/diarioregionaldigital.com.br\/wp-content\/uploads\/2019\/08\/anunciou-28-300x57.jpg 300w, https:\/\/diarioregionaldigital.com.br\/wp-content\/uploads\/2019\/08\/anunciou-28-768x147.jpg 768w, https:\/\/diarioregionaldigital.com.br\/wp-content\/uploads\/2019\/08\/anunciou-28-1024x196.jpg 1024w, https:\/\/diarioregionaldigital.com.br\/wp-content\/uploads\/2019\/08\/anunciou-28-360x69.jpg 360w\" sizes=\"auto, (max-width: 3487px) 100vw, 3487px\" \/><\/p>\n","protected":false},"excerpt":{"rendered":"<p>Espet\u00e1culo Setembro chega com festa e a programa\u00e7\u00e3o do Divers\u00e3o em Cena ArcelorMittal apresenta no domingo (1\u00ba), o espet\u00e1culo \u201cPra Bagun\u00e7ar\u201d, com o Grupo Cria. O lan\u00e7amento do CD com esse tema ser\u00e1 \u00e0s 16h, no Teatro Solar. Ap\u00f3s o sucesso com a turn\u00ea \u201cFam\u00edlia\u201d, o novo trabalho do Grupo Cria convida o p\u00fablico a [&hellip;]<\/p>\n","protected":false},"author":96,"featured_media":147019,"comment_status":"closed","ping_status":"closed","sticky":false,"template":"","format":"standard","meta":{"footnotes":""},"categories":[264],"tags":[],"class_list":["post-147030","post","type-post","status-publish","format-standard","has-post-thumbnail","hentry","category-eduardo-gomes"],"_links":{"self":[{"href":"https:\/\/diarioregionaldigital.com.br\/index.php?rest_route=\/wp\/v2\/posts\/147030","targetHints":{"allow":["GET"]}}],"collection":[{"href":"https:\/\/diarioregionaldigital.com.br\/index.php?rest_route=\/wp\/v2\/posts"}],"about":[{"href":"https:\/\/diarioregionaldigital.com.br\/index.php?rest_route=\/wp\/v2\/types\/post"}],"author":[{"embeddable":true,"href":"https:\/\/diarioregionaldigital.com.br\/index.php?rest_route=\/wp\/v2\/users\/96"}],"replies":[{"embeddable":true,"href":"https:\/\/diarioregionaldigital.com.br\/index.php?rest_route=%2Fwp%2Fv2%2Fcomments&post=147030"}],"version-history":[{"count":0,"href":"https:\/\/diarioregionaldigital.com.br\/index.php?rest_route=\/wp\/v2\/posts\/147030\/revisions"}],"wp:featuredmedia":[{"embeddable":true,"href":"https:\/\/diarioregionaldigital.com.br\/index.php?rest_route=\/wp\/v2\/media\/147019"}],"wp:attachment":[{"href":"https:\/\/diarioregionaldigital.com.br\/index.php?rest_route=%2Fwp%2Fv2%2Fmedia&parent=147030"}],"wp:term":[{"taxonomy":"category","embeddable":true,"href":"https:\/\/diarioregionaldigital.com.br\/index.php?rest_route=%2Fwp%2Fv2%2Fcategories&post=147030"},{"taxonomy":"post_tag","embeddable":true,"href":"https:\/\/diarioregionaldigital.com.br\/index.php?rest_route=%2Fwp%2Fv2%2Ftags&post=147030"}],"curies":[{"name":"wp","href":"https:\/\/api.w.org\/{rel}","templated":true}]}}