{"id":147016,"date":"2019-08-30T17:29:00","date_gmt":"2019-08-30T20:29:00","guid":{"rendered":"https:\/\/diarioregionaldigital.com.br\/?p=147016"},"modified":"2019-08-30T17:29:00","modified_gmt":"2019-08-30T20:29:00","slug":"proposta-de-reforma-da-previdencia-sera-discutida-em-duas-reunioes-da-cdh","status":"publish","type":"post","link":"https:\/\/diarioregionaldigital.com.br\/?p=147016","title":{"rendered":"Proposta de reforma da Previd\u00eancia ser\u00e1 discutida em duas reuni\u00f5es da CDH"},"content":{"rendered":"<p>A Comiss\u00e3o de Direitos Humanos (CDH) realizar\u00e1, na pr\u00f3xima segunda-feira (2), duas audi\u00eancias p\u00fablicas para debater o tema Previd\u00eancia e Trabalho. A primeira delas, \u00e0s 9h, ter\u00e1 foco na proposta de reforma da Previd\u00eancia (<a class=\"external-link\" href=\"http:\/\/www25.senado.leg.br\/web\/atividade\/materias\/-\/materia\/137999\">PEC 6\/2019<\/a>) e a segunda, \u00e0s 14h, vai analisar o tratamento dado a pessoas com defici\u00eancia e as aposentadorias por invalidez. Os debates fazem parte de um ciclo de audi\u00eancias, proposto pelo presidente do colegiado, senador Paulo Paim (PT-RS), no in\u00edcio do ano.<\/p>\n<p>Foram convidados para o debate das 9h, o presidente da Comiss\u00e3o Especial de Seguridade Social da OAB, se\u00e7\u00e3o Rio Grande do Sul, Tiago Beck Kidricki; o presidente da Confedera\u00e7\u00e3o dos Servidores P\u00fablicos do Brasil (CSPB), Jo\u00e3o Domingos Gomes dos Santos; e o diretor de aposentados e pensionistas do Sindicato dos Servidores do Poder Legislativo Federal e do Tribunal de Contas da Uni\u00e3o (Sindilegis) e presidente da Federa\u00e7\u00e3o Nacional dos Servidores P\u00fablicos Federais de Fiscaliza\u00e7\u00e3o, Investiga\u00e7\u00e3o, Regula\u00e7\u00e3o e Controle (Fenafric), Ogib Teixeira de Carvalho Filho.<\/p>\n<p>Na \u00faltima quarta-feira (28), o senador Tasso Jereissati (PSDB-CE) apresentou \u00e0 Comiss\u00e3o de Constitui\u00e7\u00e3o e Justi\u00e7a (CCJ), seu relat\u00f3rio \u00e0 reforma. Ap\u00f3s mais de duas horas de leitura do texto de 58 p\u00e1ginas, o parlamentar defendeu a aprova\u00e7\u00e3o da PEC, para que o deficit or\u00e7ament\u00e1rio n\u00e3o cres\u00e7a de forma t\u00e3o veloz e para que direitos sociais continuem a ser garantidos no futuro. Ao final da leitura, a presidente da CCJ, senadora Simone Tebet (MDB-MS), concedeu prazo para os senadores analisarem o relat\u00f3rio, que vai at\u00e9 a vota\u00e7\u00e3o na comiss\u00e3o, agendada para a quarta-feira (4).<\/p>\n<h3><b>Defici\u00eancia e invalidez<\/b><\/h3>\n<p>A proposta de reforma da Previd\u00eancia\u00a0reduz o valor do benef\u00edcio do segurado que precisa se afastar do trabalho por estar sem condi\u00e7\u00e3o f\u00edsica ou mental de exercer a sua atividade profissional. O texto substitui o conceito de aposentadoria por invalidez permanente para o de \u201cincapacidade permanente para o trabalho\u201d, quando for imposs\u00edvel reabilitar ou reaproveitar o trabalhador em outra \u00e1rea.<\/p>\n<p>Participar\u00e3o do debate, o advogado, professor especialista em direito previdenci\u00e1rio e assessor jur\u00eddico da Federa\u00e7\u00e3o dos Aposentados do Distrito Federal e Esp\u00edrito Santo, Diego Monteiro Cherulli; o juiz federal Marcio Barbosa Maia; a subprocuradora-geral do Minist\u00e9rio P\u00fablico do Trabalho e vice-presidente da Associa\u00e7\u00e3o Nacional dos Membros do Minist\u00e9rio P\u00fablico das Promotorias das Pessoas Idosas e das com Defici\u00eancia (Ampid), Maria Aparecida Gugel.<\/p>\n<p>A reuni\u00e3o deve contar tamb\u00e9m com a presen\u00e7a da advogada e integrante da Rede Brasileira de Inclus\u00e3o da Pessoa com Defici\u00eancia, Ana Claudia Figueiredo; do procurador do Minist\u00e9rio P\u00fablico de Contas junto ao Tribunal de Contas da Uni\u00e3o (TCU), S\u00e9rgio Ricardo Costa Carib\u00e9; e de representante da Secretaria Especial de Previd\u00eancia e Trabalho do Minist\u00e9rio da Economia.<\/p>\n<p>As audi\u00eancias ser\u00e3o realizadas na sala 2 da Ala Nilo Coelho.<\/p>\n<p>&nbsp;<\/p>\n<p>Fonte: Ag\u00eancia Senado<\/p>\n","protected":false},"excerpt":{"rendered":"<p>A Comiss\u00e3o de Direitos Humanos (CDH) realizar\u00e1, na pr\u00f3xima segunda-feira (2), duas audi\u00eancias p\u00fablicas para debater o tema Previd\u00eancia e Trabalho. A primeira delas, \u00e0s 9h, ter\u00e1 foco na proposta de reforma da Previd\u00eancia (PEC 6\/2019) e a segunda, \u00e0s 14h, vai analisar o tratamento dado a pessoas com defici\u00eancia e as aposentadorias por invalidez. [&hellip;]<\/p>\n","protected":false},"author":96,"featured_media":147017,"comment_status":"closed","ping_status":"closed","sticky":false,"template":"","format":"standard","meta":{"footnotes":""},"categories":[436,254,439],"tags":[],"class_list":["post-147016","post","type-post","status-publish","format-standard","has-post-thumbnail","hentry","category-destaque-da-semana","category-politica","category-ultima-hora"],"_links":{"self":[{"href":"https:\/\/diarioregionaldigital.com.br\/index.php?rest_route=\/wp\/v2\/posts\/147016","targetHints":{"allow":["GET"]}}],"collection":[{"href":"https:\/\/diarioregionaldigital.com.br\/index.php?rest_route=\/wp\/v2\/posts"}],"about":[{"href":"https:\/\/diarioregionaldigital.com.br\/index.php?rest_route=\/wp\/v2\/types\/post"}],"author":[{"embeddable":true,"href":"https:\/\/diarioregionaldigital.com.br\/index.php?rest_route=\/wp\/v2\/users\/96"}],"replies":[{"embeddable":true,"href":"https:\/\/diarioregionaldigital.com.br\/index.php?rest_route=%2Fwp%2Fv2%2Fcomments&post=147016"}],"version-history":[{"count":0,"href":"https:\/\/diarioregionaldigital.com.br\/index.php?rest_route=\/wp\/v2\/posts\/147016\/revisions"}],"wp:featuredmedia":[{"embeddable":true,"href":"https:\/\/diarioregionaldigital.com.br\/index.php?rest_route=\/wp\/v2\/media\/147017"}],"wp:attachment":[{"href":"https:\/\/diarioregionaldigital.com.br\/index.php?rest_route=%2Fwp%2Fv2%2Fmedia&parent=147016"}],"wp:term":[{"taxonomy":"category","embeddable":true,"href":"https:\/\/diarioregionaldigital.com.br\/index.php?rest_route=%2Fwp%2Fv2%2Fcategories&post=147016"},{"taxonomy":"post_tag","embeddable":true,"href":"https:\/\/diarioregionaldigital.com.br\/index.php?rest_route=%2Fwp%2Fv2%2Ftags&post=147016"}],"curies":[{"name":"wp","href":"https:\/\/api.w.org\/{rel}","templated":true}]}}