{"id":147008,"date":"2019-08-30T17:20:39","date_gmt":"2019-08-30T20:20:39","guid":{"rendered":"https:\/\/diarioregionaldigital.com.br\/?p=147008"},"modified":"2019-08-30T17:20:39","modified_gmt":"2019-08-30T20:20:39","slug":"settra-altera-transito-para-o-bem-comum-lazer-3","status":"publish","type":"post","link":"https:\/\/diarioregionaldigital.com.br\/?p=147008","title":{"rendered":"Settra altera tr\u00e2nsito para o \u201cBem Comum Lazer\u201d"},"content":{"rendered":"<p>Para realiza\u00e7\u00e3o do projeto \u201cBem Comum Lazer\u201d, no domingo, 1\u00ba de setembro, das 6 \u00e0s 13 horas, a Secretaria de Transportes e Tr\u00e2nsito (Settra) da Prefeitura de Juiz de Fora (PJF) promover\u00e1 altera\u00e7\u00f5es na Avenida Bar\u00e3o do Rio Branco. A faixa central da via ser\u00e1 interditada entre a Rua Doutor Romualdo e a Avenida Doutor Jos\u00e9 Proc\u00f3pio Teixeira. Os \u00f4nibus que circulam no sentido Manoel Hon\u00f3rio\/Bom Pastor deixar\u00e3o a pista central no cruzamento com Avenida Presidente Itamar Franco, passando para a lateral. Na dire\u00e7\u00e3o inversa, retomar\u00e3o a faixa central no cruzamento com a Rua Doutor Romualdo. As paradas nas laterais ser\u00e3o em frente aos pontos originais da pista central.<\/p>\n<p>Fonte: PJF<\/p>\n","protected":false},"excerpt":{"rendered":"<p>Para realiza\u00e7\u00e3o do projeto \u201cBem Comum Lazer\u201d, no domingo, 1\u00ba de setembro, das 6 \u00e0s 13 horas, a Secretaria de Transportes e Tr\u00e2nsito (Settra) da Prefeitura de Juiz de Fora (PJF) promover\u00e1 altera\u00e7\u00f5es na Avenida Bar\u00e3o do Rio Branco. A faixa central da via ser\u00e1 interditada entre a Rua Doutor Romualdo e a Avenida Doutor [&hellip;]<\/p>\n","protected":false},"author":96,"featured_media":147010,"comment_status":"closed","ping_status":"closed","sticky":false,"template":"","format":"standard","meta":{"footnotes":""},"categories":[253,436,440,439],"tags":[],"class_list":["post-147008","post","type-post","status-publish","format-standard","has-post-thumbnail","hentry","category-cidade","category-destaque-da-semana","category-destaques-do-dia","category-ultima-hora"],"_links":{"self":[{"href":"https:\/\/diarioregionaldigital.com.br\/index.php?rest_route=\/wp\/v2\/posts\/147008","targetHints":{"allow":["GET"]}}],"collection":[{"href":"https:\/\/diarioregionaldigital.com.br\/index.php?rest_route=\/wp\/v2\/posts"}],"about":[{"href":"https:\/\/diarioregionaldigital.com.br\/index.php?rest_route=\/wp\/v2\/types\/post"}],"author":[{"embeddable":true,"href":"https:\/\/diarioregionaldigital.com.br\/index.php?rest_route=\/wp\/v2\/users\/96"}],"replies":[{"embeddable":true,"href":"https:\/\/diarioregionaldigital.com.br\/index.php?rest_route=%2Fwp%2Fv2%2Fcomments&post=147008"}],"version-history":[{"count":0,"href":"https:\/\/diarioregionaldigital.com.br\/index.php?rest_route=\/wp\/v2\/posts\/147008\/revisions"}],"wp:featuredmedia":[{"embeddable":true,"href":"https:\/\/diarioregionaldigital.com.br\/index.php?rest_route=\/wp\/v2\/media\/147010"}],"wp:attachment":[{"href":"https:\/\/diarioregionaldigital.com.br\/index.php?rest_route=%2Fwp%2Fv2%2Fmedia&parent=147008"}],"wp:term":[{"taxonomy":"category","embeddable":true,"href":"https:\/\/diarioregionaldigital.com.br\/index.php?rest_route=%2Fwp%2Fv2%2Fcategories&post=147008"},{"taxonomy":"post_tag","embeddable":true,"href":"https:\/\/diarioregionaldigital.com.br\/index.php?rest_route=%2Fwp%2Fv2%2Ftags&post=147008"}],"curies":[{"name":"wp","href":"https:\/\/api.w.org\/{rel}","templated":true}]}}