{"id":147007,"date":"2019-08-30T17:00:37","date_gmt":"2019-08-30T20:00:37","guid":{"rendered":"https:\/\/diarioregionaldigital.com.br\/?p=147007"},"modified":"2019-08-30T17:19:37","modified_gmt":"2019-08-30T20:19:37","slug":"camara-aprova-marco-laranja-para-prevencao-do-bullying","status":"publish","type":"post","link":"https:\/\/diarioregionaldigital.com.br\/?p=147007","title":{"rendered":"C\u00e2mara aprova Mar\u00e7o Laranja para preven\u00e7\u00e3o do Bullying"},"content":{"rendered":"<p>Projeto de Lei aprovado na C\u00e2mara prop\u00f5e que o m\u00eas de mar\u00e7o seja dedicado \u00e0s discuss\u00f5es e reflex\u00f5es para a quest\u00e3o do bullying escolar. De acordo com o proponente do PL, Nilton Milit\u00e3o (PTC), a iniciativa busca fomentar nas escolas e na sociedade em geral o debate sobre o bullying, estimulando campanhas educativas e informativas, bem como a sensibiliza\u00e7\u00e3o, o diagn\u00f3stico e a preven\u00e7\u00e3o a este tipo de viol\u00eancia. A ideia \u00e9 que haja o envolvimento da comunidade, dos pais, professores e outros profissionais, que atuam nas \u00e1reas da educa\u00e7\u00e3o e da prote\u00e7\u00e3o \u00e0 crian\u00e7a e ao adolescente.<\/p>\n<p>Milit\u00e3o, que \u00e9 membro da Comiss\u00e3o de Defesa dos Direitos da Crian\u00e7a, Adolescentes e Juventude, esclarece que a escolha do m\u00eas foi feita por ser logo no in\u00edcio do calend\u00e1rio escolar, momento em que as rela\u00e7\u00f5es neste ambiente est\u00e3o igualmente come\u00e7ando e, por isso, momento mais prop\u00edcio para uma abordagem intensiva do tema. O vereador ressalta que o bullying \u00e9 um extenso leque de comportamentos violentos observados sistematicamente nas escolas e tamb\u00e9m em outros ambientes sociais. Entre as manifesta\u00e7\u00f5es desses comportamentos incluem-se: insultos, intimida\u00e7\u00f5es, apelidos pejorativos, humilha\u00e7\u00f5es, amedrontamentos, quebra de pertences, isolamento, ass\u00e9dio moral, al\u00e9m de viol\u00eancia f\u00edsica propriamente dita. \u201cEntende-se como bullying escolar toda forma de viol\u00eancia f\u00edsica ou psicol\u00f3gica, intencional e recorrente, praticada por um indiv\u00edduo ou grupo contra uma ou mais pessoas, no ambiente escolar, com o intuito de intimid\u00e1-la, agredi-Ia ou discrimin\u00e1-la, caracterizando um processo de vitimiza\u00e7\u00e3o em uma rela\u00e7\u00e3o assim\u00e9trica de poder entre as partes\u201d. O projeto segue para san\u00e7\u00e3o do Executivo.<\/p>\n<p>Fonte: CMJF<\/p>\n","protected":false},"excerpt":{"rendered":"<p>Projeto de Lei aprovado na C\u00e2mara prop\u00f5e que o m\u00eas de mar\u00e7o seja dedicado \u00e0s discuss\u00f5es e reflex\u00f5es para a quest\u00e3o do bullying escolar. De acordo com o proponente do PL, Nilton Milit\u00e3o (PTC), a iniciativa busca fomentar nas escolas e na sociedade em geral o debate sobre o bullying, estimulando campanhas educativas e informativas, [&hellip;]<\/p>\n","protected":false},"author":96,"featured_media":147011,"comment_status":"closed","ping_status":"closed","sticky":false,"template":"","format":"standard","meta":{"footnotes":""},"categories":[253,436,440,439],"tags":[],"class_list":["post-147007","post","type-post","status-publish","format-standard","has-post-thumbnail","hentry","category-cidade","category-destaque-da-semana","category-destaques-do-dia","category-ultima-hora"],"_links":{"self":[{"href":"https:\/\/diarioregionaldigital.com.br\/index.php?rest_route=\/wp\/v2\/posts\/147007","targetHints":{"allow":["GET"]}}],"collection":[{"href":"https:\/\/diarioregionaldigital.com.br\/index.php?rest_route=\/wp\/v2\/posts"}],"about":[{"href":"https:\/\/diarioregionaldigital.com.br\/index.php?rest_route=\/wp\/v2\/types\/post"}],"author":[{"embeddable":true,"href":"https:\/\/diarioregionaldigital.com.br\/index.php?rest_route=\/wp\/v2\/users\/96"}],"replies":[{"embeddable":true,"href":"https:\/\/diarioregionaldigital.com.br\/index.php?rest_route=%2Fwp%2Fv2%2Fcomments&post=147007"}],"version-history":[{"count":0,"href":"https:\/\/diarioregionaldigital.com.br\/index.php?rest_route=\/wp\/v2\/posts\/147007\/revisions"}],"wp:featuredmedia":[{"embeddable":true,"href":"https:\/\/diarioregionaldigital.com.br\/index.php?rest_route=\/wp\/v2\/media\/147011"}],"wp:attachment":[{"href":"https:\/\/diarioregionaldigital.com.br\/index.php?rest_route=%2Fwp%2Fv2%2Fmedia&parent=147007"}],"wp:term":[{"taxonomy":"category","embeddable":true,"href":"https:\/\/diarioregionaldigital.com.br\/index.php?rest_route=%2Fwp%2Fv2%2Fcategories&post=147007"},{"taxonomy":"post_tag","embeddable":true,"href":"https:\/\/diarioregionaldigital.com.br\/index.php?rest_route=%2Fwp%2Fv2%2Ftags&post=147007"}],"curies":[{"name":"wp","href":"https:\/\/api.w.org\/{rel}","templated":true}]}}