{"id":146999,"date":"2019-08-30T17:10:36","date_gmt":"2019-08-30T20:10:36","guid":{"rendered":"https:\/\/diarioregionaldigital.com.br\/?p=146999"},"modified":"2019-08-30T17:10:36","modified_gmt":"2019-08-30T20:10:36","slug":"setor-de-couros-do-brasil-e-sustentavel-diz-ministra-da-agricultura","status":"publish","type":"post","link":"https:\/\/diarioregionaldigital.com.br\/?p=146999","title":{"rendered":"&#8220;Setor de couros do Brasil \u00e9 sustent\u00e1vel&#8221;, diz ministra da Agricultura"},"content":{"rendered":"<p>Em entrevista concedida na quinta-feira (29) na Expointer, em Esteio (RS), a ministra da Agricultura, Pecu\u00e1ria e Abastecimento, Tereza Cristina, comentou a decis\u00e3o de importadores de suspender a compra de couro brasileiro. Segundo a ministra o setor \u00e9 sustent\u00e1vel e tem muito a informar \u00e0s empresas importadoras.<\/p>\n<p>&#8220;Essa suspens\u00e3o n\u00e3o foi uma suspens\u00e3o definitiva. Temos que ter muito cuidado. O setor de couros do Brasil \u00e9 sustent\u00e1vel e tem muito ainda a informar a essas ind\u00fastrias. Neste momento, \u00e9 melhor ter cautela. Primeiro, saber o que eles querem de informa\u00e7\u00e3o, que a gente possa passar para eles e a gente possa resolver esse problema da melhor forma poss\u00edvel\u201d, disse a ministra.<\/p>\n<p>Na quarta-feira (28) \u00e0 noite, a VF Corporation, empresa respons\u00e1vel por marcas como Timberland, The North Face, Kipling e Vans, informou que decidiu n\u00e3o continuar comprando couro diretamente do Brasil, em meio a d\u00favidas de que materiais usados na fabrica\u00e7\u00e3o dos produtos estivessem relacionados a danos ambientais no pa\u00eds, como as queimadas na Amaz\u00f4nia. A informa\u00e7\u00e3o foi divulgada pelo jornal\u00a0<em>O Estado de S. Paulo<\/em>.<\/p>\n<h2>Repercuss\u00e3o<\/h2>\n<p>A Confedera\u00e7\u00e3o Nacional da Ind\u00fastria (CNI) repudiou, em nota, a decis\u00e3o de importadores. Segundo a entidade, s\u00e3o &#8220;injustas e equivocadas as tentativas de se vincular a exporta\u00e7\u00e3o de produtos industriais brasileiros \u00e0s queimadas na Amaz\u00f4nia&#8221;. Para a CNI, essa decis\u00e3o e outros fatos recentes, como o questionamento de empres\u00e1rios chineses sobre a sustentalidade dos produtos brasileiros e a ame\u00e7a de alguns l\u00edderes europeus, como presidente da Fran\u00e7a, Emannuel Macron, de dificultar a aprova\u00e7\u00e3o do acordo comercial Mercosul-Uni\u00e3o Europeia, &#8220;demonstram no m\u00ednimo desinforma\u00e7\u00e3o sobre a responsabilidade ambiental da ind\u00fastria brasileira&#8221;.<\/p>\n<p>\u201cA Amaz\u00f4nia \u00e9 um patrim\u00f4nio de fundamental import\u00e2ncia para o Brasil, sobretudo pela sua megadiversidade biol\u00f3gica, que abriga 20% do total de esp\u00e9cies de plantas e animais do planeta. Trata-se de uma riqueza potencial para ser desenvolvida e a ind\u00fastria nacional \u00e9 uma das principais interessadas no seu uso sustent\u00e1vel\u201d, afirma o presidente da CNI, Robson Braga de Andrade.<\/p>\n<p>A CNI lembra ainda que o Brasil \u00e9 respons\u00e1vel por 2% das emiss\u00f5es globais de\u00a0CO<sub>2<\/sub>, ocupando a sexta posi\u00e7\u00e3o entre os pa\u00edses signat\u00e1rios do Acordo de Paris. Em primeiro lugar aparece a China, com 26% das emiss\u00f5es, seguida dos Estados Unidos, com 14%, e da Uni\u00e3o Europeia, com quase 10%.<\/p>\n<p>&#8220;O \u00faltimo relat\u00f3rio da ONU Meio Ambiente, Emission Gap Report 2018, mostra que o Brasil, juntamente com China e Jap\u00e3o, s\u00e3o os pa\u00edses que est\u00e3o no caminho para cumprir as metas do Acordo. O Brasil se comprometeu a reduzir em 37% suas emiss\u00f5es at\u00e9 2025. Nos \u00faltimos 15 anos, o Brasil investiu US$ 32 bilh\u00f5es em projetos de redu\u00e7\u00e3o de emiss\u00f5es de gases de efeito estufa, o que resultou na redu\u00e7\u00e3o de emiss\u00f5es de 124 milh\u00f5es de toneladas de CO\u00b2 na atmosfera. Segundo Robson Andrade, deste total, 47% ocorreram devido a projetos realizados pela ind\u00fastria brasileira&#8221;, diz a entidade.<\/p>\n<p>A CNI ainda ressalta que as energias renov\u00e1veis comp\u00f5em 80% da matriz energ\u00e9tica brasileira, &#8220;um valor quase quatro vezes maior do que os pa\u00edses integrantes da Organiza\u00e7\u00e3o para a Coopera\u00e7\u00e3o e Desenvolvimento Econ\u00f4mico (OCDE), atualmente em 23%&#8221;.<\/p>\n<p>Fonte: Ag\u00eancia Brasil<\/p>\n","protected":false},"excerpt":{"rendered":"<p>Em entrevista concedida na quinta-feira (29) na Expointer, em Esteio (RS), a ministra da Agricultura, Pecu\u00e1ria e Abastecimento, Tereza Cristina, comentou a decis\u00e3o de importadores de suspender a compra de couro brasileiro. Segundo a ministra o setor \u00e9 sustent\u00e1vel e tem muito a informar \u00e0s empresas importadoras. &#8220;Essa suspens\u00e3o n\u00e3o foi uma suspens\u00e3o definitiva. Temos [&hellip;]<\/p>\n","protected":false},"author":96,"featured_media":147002,"comment_status":"closed","ping_status":"closed","sticky":false,"template":"","format":"standard","meta":{"footnotes":""},"categories":[302,436,439],"tags":[],"class_list":["post-146999","post","type-post","status-publish","format-standard","has-post-thumbnail","hentry","category-brasil-mundo","category-destaque-da-semana","category-ultima-hora"],"_links":{"self":[{"href":"https:\/\/diarioregionaldigital.com.br\/index.php?rest_route=\/wp\/v2\/posts\/146999","targetHints":{"allow":["GET"]}}],"collection":[{"href":"https:\/\/diarioregionaldigital.com.br\/index.php?rest_route=\/wp\/v2\/posts"}],"about":[{"href":"https:\/\/diarioregionaldigital.com.br\/index.php?rest_route=\/wp\/v2\/types\/post"}],"author":[{"embeddable":true,"href":"https:\/\/diarioregionaldigital.com.br\/index.php?rest_route=\/wp\/v2\/users\/96"}],"replies":[{"embeddable":true,"href":"https:\/\/diarioregionaldigital.com.br\/index.php?rest_route=%2Fwp%2Fv2%2Fcomments&post=146999"}],"version-history":[{"count":0,"href":"https:\/\/diarioregionaldigital.com.br\/index.php?rest_route=\/wp\/v2\/posts\/146999\/revisions"}],"wp:featuredmedia":[{"embeddable":true,"href":"https:\/\/diarioregionaldigital.com.br\/index.php?rest_route=\/wp\/v2\/media\/147002"}],"wp:attachment":[{"href":"https:\/\/diarioregionaldigital.com.br\/index.php?rest_route=%2Fwp%2Fv2%2Fmedia&parent=146999"}],"wp:term":[{"taxonomy":"category","embeddable":true,"href":"https:\/\/diarioregionaldigital.com.br\/index.php?rest_route=%2Fwp%2Fv2%2Fcategories&post=146999"},{"taxonomy":"post_tag","embeddable":true,"href":"https:\/\/diarioregionaldigital.com.br\/index.php?rest_route=%2Fwp%2Fv2%2Ftags&post=146999"}],"curies":[{"name":"wp","href":"https:\/\/api.w.org\/{rel}","templated":true}]}}