{"id":146996,"date":"2019-08-30T17:04:58","date_gmt":"2019-08-30T20:04:58","guid":{"rendered":"https:\/\/diarioregionaldigital.com.br\/?p=146996"},"modified":"2019-08-30T17:04:58","modified_gmt":"2019-08-30T20:04:58","slug":"ans-suspende-51-planos-de-saude-a-partir-de-6-de-setembro","status":"publish","type":"post","link":"https:\/\/diarioregionaldigital.com.br\/?p=146996","title":{"rendered":"ANS suspende 51 planos de sa\u00fade a partir de 6 de setembro"},"content":{"rendered":"<p>A Ag\u00eancia Nacional de Sa\u00fade Suplementar (ANS) divulgou, nesta sexta-feira (30), uma lista com 51 planos de sa\u00fade oferecidos por dez operadoras que ter\u00e3o a comercializa\u00e7\u00e3o suspensa a partir do dia 6 de setembro. A medida \u00e9 decorrente das reclama\u00e7\u00f5es enviadas pelos consumidores nos meses de abril, maio e junho. Foram relatadas negativas de coberturas e descumprimentos dos prazos m\u00e1ximos para realiza\u00e7\u00e3o de consultas, exames e cirurgias.<\/p>\n<p>A an\u00e1lise das queixas se d\u00e1 dentro do programa de monitoramento da garantia de atendimento, cujo objetivo \u00e9 exigir que as operadoras assegurem aos usu\u00e1rios o acesso aos procedimentos previstos em contrato. Para que a comercializa\u00e7\u00e3o possa ser retomada, ser\u00e1 preciso melhorar a qualidade do servi\u00e7o para as 278,6 mil pessoas vinculadas atualmente aos 51 planos. Novos clientes n\u00e3o poder\u00e3o ser aceitos enquanto a ANS manter a suspens\u00e3o.<\/p>\n<p>A Agemed e Assist\u00eancia M\u00e9dica Infantil (AMI) s\u00e3o as duas operadoras mais afetadas. Cada uma ficar\u00e1 impedida de comercializar 14 planos.<\/p>\n<p>A ANS, no entanto, liberou a venda de 28 planos de sa\u00fade de 11 operadoras. Eles haviam sido suspensos em avalia\u00e7\u00f5es anteriores do programa de monitoramento da garantia de atendimento.<\/p>\n<p>A ANS mostra em seu site a lista completa\u00a0dos planos liberados e suspensos. Tamb\u00e9m\u00a0<a href=\"http:\/\/www.ans.gov.br\/planos-de-saude-e-operadoras\/informacoes-e-avaliacoes-de-operadoras\/monitoramento-de-garantia-de-atendimento\" target=\"_blank\" rel=\"noopener\">\u00e9 poss\u00edvel consultar informa\u00e7\u00f5es do monitoramento<\/a>\u00a0de cada operadora, conferindo o hist\u00f3rico e verificando se ela j\u00e1 foi afetada em alguma avalia\u00e7\u00e3o passada. H\u00e1 ainda uma classifica\u00e7\u00e3o das empresas conforme o desempenho no programa de monitoramento.<\/p>\n<p>Fonte: Ag\u00eancia Brasil<\/p>\n","protected":false},"excerpt":{"rendered":"<p>A Ag\u00eancia Nacional de Sa\u00fade Suplementar (ANS) divulgou, nesta sexta-feira (30), uma lista com 51 planos de sa\u00fade oferecidos por dez operadoras que ter\u00e3o a comercializa\u00e7\u00e3o suspensa a partir do dia 6 de setembro. A medida \u00e9 decorrente das reclama\u00e7\u00f5es enviadas pelos consumidores nos meses de abril, maio e junho. Foram relatadas negativas de coberturas [&hellip;]<\/p>\n","protected":false},"author":96,"featured_media":134590,"comment_status":"closed","ping_status":"closed","sticky":false,"template":"","format":"standard","meta":{"footnotes":""},"categories":[302,436,439],"tags":[],"class_list":["post-146996","post","type-post","status-publish","format-standard","has-post-thumbnail","hentry","category-brasil-mundo","category-destaque-da-semana","category-ultima-hora"],"_links":{"self":[{"href":"https:\/\/diarioregionaldigital.com.br\/index.php?rest_route=\/wp\/v2\/posts\/146996","targetHints":{"allow":["GET"]}}],"collection":[{"href":"https:\/\/diarioregionaldigital.com.br\/index.php?rest_route=\/wp\/v2\/posts"}],"about":[{"href":"https:\/\/diarioregionaldigital.com.br\/index.php?rest_route=\/wp\/v2\/types\/post"}],"author":[{"embeddable":true,"href":"https:\/\/diarioregionaldigital.com.br\/index.php?rest_route=\/wp\/v2\/users\/96"}],"replies":[{"embeddable":true,"href":"https:\/\/diarioregionaldigital.com.br\/index.php?rest_route=%2Fwp%2Fv2%2Fcomments&post=146996"}],"version-history":[{"count":0,"href":"https:\/\/diarioregionaldigital.com.br\/index.php?rest_route=\/wp\/v2\/posts\/146996\/revisions"}],"wp:featuredmedia":[{"embeddable":true,"href":"https:\/\/diarioregionaldigital.com.br\/index.php?rest_route=\/wp\/v2\/media\/134590"}],"wp:attachment":[{"href":"https:\/\/diarioregionaldigital.com.br\/index.php?rest_route=%2Fwp%2Fv2%2Fmedia&parent=146996"}],"wp:term":[{"taxonomy":"category","embeddable":true,"href":"https:\/\/diarioregionaldigital.com.br\/index.php?rest_route=%2Fwp%2Fv2%2Fcategories&post=146996"},{"taxonomy":"post_tag","embeddable":true,"href":"https:\/\/diarioregionaldigital.com.br\/index.php?rest_route=%2Fwp%2Fv2%2Ftags&post=146996"}],"curies":[{"name":"wp","href":"https:\/\/api.w.org\/{rel}","templated":true}]}}