{"id":146990,"date":"2019-08-30T16:57:11","date_gmt":"2019-08-30T19:57:11","guid":{"rendered":"https:\/\/diarioregionaldigital.com.br\/?p=146990"},"modified":"2019-08-30T16:57:11","modified_gmt":"2019-08-30T19:57:11","slug":"brasileiros-vivem-rotas-de-idas-e-vindas-nos-ultimos-dias-de-parapan","status":"publish","type":"post","link":"https:\/\/diarioregionaldigital.com.br\/?p=146990","title":{"rendered":"Brasileiros vivem rotas de idas e vindas nos \u00faltimos dias de Parapan"},"content":{"rendered":"<p>Para Vitor Tavares, a viagem come\u00e7ou em S\u00e3o Paulo em\u00a0<span id=\"OBJ_PREFIX_DWT1890_com_zimbra_date\" role=\"link\"><span id=\"OBJ_PREFIX_DWT1884_com_zimbra_date\" role=\"link\">16 de agosto<\/span><\/span>. O destino? Basil\u00e9ia, na Su\u00ed\u00e7a, onde foi disputado o Mundial de parabadminton. L\u00e1, entre os dias 20 e\u00a0<span id=\"OBJ_PREFIX_DWT1891_com_zimbra_date\" role=\"link\"><span id=\"OBJ_PREFIX_DWT1885_com_zimbra_date\" role=\"link\">25 de agosto<\/span><\/span>, o curitibano que tem nanismo conquistou tr\u00eas medalhas de bronze e garantiu a melhor campanha da hist\u00f3ria do Brasil em mundiais. \u201cTodos que estavam l\u00e1, certamente, estar\u00e3o nas Paralimp\u00edadas. Isso vai servir de experi\u00eancia para seguir melhorando\u201d, analisa.<\/p>\n<p>Para o t\u00e9cnico F\u00e1bio Bento, a conquista das medalhas representa que o caminho est\u00e1 correto. \u201cEm T\u00f3quio estar\u00e3o os seis melhores na disputa de simples. Antes do Mundial, ele era sexto no\u00a0<em>ranking<\/em>. Vamos aguardar. A defini\u00e7\u00e3o s\u00f3 sair\u00e1 em mar\u00e7o do ano que vem. Mas o trabalho est\u00e1 sendo bem feito.\u201d<\/p>\n<p>Objetivo alcan\u00e7ado na Europa, o pr\u00f3ximo desafio j\u00e1 estava chamando: estreia da modalidade nos Jogos Parapan-Americanos.<\/p>\n<p>A sa\u00edda da Europa foi no dia 26. E no final da tarde do dia 27, todos j\u00e1 estavam acomodados na Vila dos Atletas em Lima, no Peru. \u201cA gente saiu de Zurique para Madrid. O avi\u00e3o n\u00e3o pode pousar l\u00e1 e fomos para Val\u00eancia. Depois fizemos todo esse percurso de \u00f4nibus. Mais de cinco horas de viagem via terrestre pela Espanha. Negocia\u00e7\u00e3o com o pessoal no aeroporto para chegar aqui a tempo. Mas estamos aqui. Tudo pronto para representar o Brasil\u201d, fala Eduardo de Oliveira, atleta da classe SU 5.<\/p>\n<p>\u201cAgora \u00e9 foco e muita dedica\u00e7\u00e3o. \u00c9 a primeira vez da modalidade nos Jogos [Parapan-Americanos]. Queremos voltar para casa com as malas cheias de medalhas do Mundial e do Parapan\u201d, conclui Paulo Bento.<\/p>\n<h2>De Lima para Londres<\/h2>\n<div class=\"dnd-widget-wrapper context-cheio_8colunas type-image\">\n<div class=\"dnd-atom-rendered\">\n<figure class=\"mejs-fotoh-wrapper\"><img decoding=\"async\" class=\"img-responsive full full\" title=\"Al\u00ea Cabral\/CPB\" src=\"http:\/\/imagens.ebc.com.br\/dL91Xb-fN701VoO2aPhsfbtaJGc=\/754x0\/smart\/http:\/\/agenciabrasil.ebc.com.br\/sites\/default\/files\/thumbnails\/image\/joana.jpg?itok=TXd_zEkF\" alt=\"Joana da Silva disputa medalhas na nata\u00e7\u00e3o no Parapan de Lima\" \/><\/figure>\n<\/div>\n<div class=\"dnd-caption-wrapper\">\n<div class=\"meta\">Joana da Silva disputa medalhas na nata\u00e7\u00e3o no Parapan de Lima &#8211;\u00a0<strong>Al\u00ea Cabral\/CPB<\/strong><\/div>\n<\/div>\n<\/div>\n<p>Ainda faltam dois dias para o fim das disputas da nata\u00e7\u00e3o nos Jogos de Lima. Em Toronto, a sele\u00e7\u00e3o brasileira conquistou 104 medalhas, sendo 38 ouros. Na piscina de Lima, at\u00e9 o momento, foram 83, sendo 35 ouros. Dois deles vieram com Joana da Silva, da classe S5. \u201cO esporte est\u00e1 me salvando da depress\u00e3o. Perdi meu pai h\u00e1 pouco tempo. E n\u00e3o consegui passar o tempo necess\u00e1rio do luto. Agora estou conseguindo voltar a ser aquela atleta que eu era antes\u201d, narra a vencedora dos 50 metros estilo livre. Depois de outra conquista nos 100m livre, ela revelou a saudade da filha. \u201cAcordei\u00a0<span id=\"OBJ_PREFIX_DWT1892_com_zimbra_date\" role=\"link\"><span id=\"OBJ_PREFIX_DWT1886_com_zimbra_date\" role=\"link\">hoje<\/span><\/span>\u00a0sentindo muita falta dela. Mas n\u00e3o tem jeito. Estou ansiosa demais para v\u00ea-la. Mas estou bem satisfeita com os meus resultados. Espero que ela esteja feliz.\u201d<\/p>\n<p>Mas Joana sabe que vai precisar esperar para abra\u00e7ar os familiares em\u00a0<span id=\"OBJ_PREFIX_DWT1893_com_zimbra_date\" role=\"link\">Natal<\/span>\u00a0(RN). Ela \u00e9 uma das 26 atletas que ir\u00e3o para o Mundial de Londres, entre os dias 9 e\u00a0<span id=\"OBJ_PREFIX_DWT1894_com_zimbra_date\" role=\"link\"><span id=\"OBJ_PREFIX_DWT1887_com_zimbra_date\" role=\"link\">15 de setembro<\/span><\/span>. Esse grupo j\u00e1 parte para Europa direto da capital peruana no dia 1\u00ba de setembro, antes mesmo da cerim\u00f4nia de encerramento dos Jogos Parapan-Americanos. O pernambucano Phelipe Rodrigues, da classe S10, n\u00e3o esconde a ansiedade para o torneio na Europa. \u201cVou nadar oito provas aqui em Lima. \u00c9 passo a passo. Mas estou muito ansioso de voltar l\u00e1 para a Terra da Rainha. Vou me superar l\u00e1 para defender o meu t\u00edtulo.\u201d<\/p>\n<p>A pernambucana Carolina Santiago chega a suspirar quando se fala de Mundial. \u201cOlha! A prepara\u00e7\u00e3o \u00e9 para chegarmos muito bem l\u00e1. N\u00e3o tem essa de cansa\u00e7o. \u00c9 um sonho estar participando disso tudo.\u201d<\/p>\n<p>Fonte: Ag\u00eancia Brasil<\/p>\n","protected":false},"excerpt":{"rendered":"<p>Para Vitor Tavares, a viagem come\u00e7ou em S\u00e3o Paulo em\u00a016 de agosto. O destino? Basil\u00e9ia, na Su\u00ed\u00e7a, onde foi disputado o Mundial de parabadminton. L\u00e1, entre os dias 20 e\u00a025 de agosto, o curitibano que tem nanismo conquistou tr\u00eas medalhas de bronze e garantiu a melhor campanha da hist\u00f3ria do Brasil em mundiais. \u201cTodos que [&hellip;]<\/p>\n","protected":false},"author":96,"featured_media":146993,"comment_status":"closed","ping_status":"closed","sticky":false,"template":"","format":"standard","meta":{"footnotes":""},"categories":[436,257,439],"tags":[],"class_list":["post-146990","post","type-post","status-publish","format-standard","has-post-thumbnail","hentry","category-destaque-da-semana","category-esporte","category-ultima-hora"],"_links":{"self":[{"href":"https:\/\/diarioregionaldigital.com.br\/index.php?rest_route=\/wp\/v2\/posts\/146990","targetHints":{"allow":["GET"]}}],"collection":[{"href":"https:\/\/diarioregionaldigital.com.br\/index.php?rest_route=\/wp\/v2\/posts"}],"about":[{"href":"https:\/\/diarioregionaldigital.com.br\/index.php?rest_route=\/wp\/v2\/types\/post"}],"author":[{"embeddable":true,"href":"https:\/\/diarioregionaldigital.com.br\/index.php?rest_route=\/wp\/v2\/users\/96"}],"replies":[{"embeddable":true,"href":"https:\/\/diarioregionaldigital.com.br\/index.php?rest_route=%2Fwp%2Fv2%2Fcomments&post=146990"}],"version-history":[{"count":0,"href":"https:\/\/diarioregionaldigital.com.br\/index.php?rest_route=\/wp\/v2\/posts\/146990\/revisions"}],"wp:featuredmedia":[{"embeddable":true,"href":"https:\/\/diarioregionaldigital.com.br\/index.php?rest_route=\/wp\/v2\/media\/146993"}],"wp:attachment":[{"href":"https:\/\/diarioregionaldigital.com.br\/index.php?rest_route=%2Fwp%2Fv2%2Fmedia&parent=146990"}],"wp:term":[{"taxonomy":"category","embeddable":true,"href":"https:\/\/diarioregionaldigital.com.br\/index.php?rest_route=%2Fwp%2Fv2%2Fcategories&post=146990"},{"taxonomy":"post_tag","embeddable":true,"href":"https:\/\/diarioregionaldigital.com.br\/index.php?rest_route=%2Fwp%2Fv2%2Ftags&post=146990"}],"curies":[{"name":"wp","href":"https:\/\/api.w.org\/{rel}","templated":true}]}}