{"id":146989,"date":"2019-08-30T16:55:37","date_gmt":"2019-08-30T19:55:37","guid":{"rendered":"https:\/\/diarioregionaldigital.com.br\/?p=146989"},"modified":"2019-08-30T16:55:37","modified_gmt":"2019-08-30T19:55:37","slug":"bolsonaro-vai-conversar-com-angela-merkel-sobre-combate-as-queimadas","status":"publish","type":"post","link":"https:\/\/diarioregionaldigital.com.br\/?p=146989","title":{"rendered":"Bolsonaro vai conversar com Angela Merkel sobre combate \u00e0s queimadas"},"content":{"rendered":"<p>O presidente Jair Bolsonaro confirmou\u00a0nesta sexta-feira (30) que est\u00e1 previsto receber um telefonema da chanceler alem\u00e3, Angela Merkel, nesta tarde. Os dois devem tratar da doa\u00e7\u00e3o de recursos internacionais para o combate \u00e0s queimadas e preserva\u00e7\u00e3o das florestas da Amaz\u00f4nia. \u201cEla come\u00e7ou com um tom, depois foi para a normalidade. Eu estou pronto a conversar com qualquer um, exceto o nosso querido [presidente da Fran\u00e7a, Emmanuel] Macron, a n\u00e3o ser que ele se retrate sobre a nossa soberania na Amaz\u00f4nia\u201d, disse Bolsonaro ao deixar o Pal\u00e1cio da Alvorada, nesta manh\u00e3.<\/p>\n<p>A Alemanha \u00e9 um dos pa\u00edses integrantes do G7, grupo formado pelas na\u00e7\u00f5es mais industrializadas do mundo, que tem ainda Canad\u00e1, Estados Unidos, Fran\u00e7a, It\u00e1lia, Jap\u00e3o e Reino Unido. Em reuni\u00e3o\u00a0segunda-feira (26), em Biarritz, na Fran\u00e7a, os l\u00edderes do G7 concordaram em liberar US$ 20 milh\u00f5es (cerca de R$ 83 milh\u00f5es) para ajudar a conter as queimadas, sendo a maior parte do dinheiro para o envio de aeronaves de combate a inc\u00eandios.<\/p>\n<p>O Brasil, entretanto, ainda n\u00e3o confirmou se vai aceitar a ajuda. O an\u00fancio da libera\u00e7\u00e3o dos recursos foi feito pelo presidente da Fran\u00e7a, Emmanuel Macron. Na ocasi\u00e3o, Macron declarou que os inc\u00eandios na Amaz\u00f4nia s\u00e3o uma emerg\u00eancia global e disse que pode n\u00e3o ratificar o acordo de livre-com\u00e9rcio entre Mercosul e Uni\u00e3o Europeia e acusou o presidente brasileiro de mentir sobre o seu real comprometimento com a\u00a0preserva\u00e7\u00e3o ambiental. O presidente franc\u00eas tamb\u00e9m levantou a possibilidade de construir um novo direito internacional para o meio ambiente e estabelecer um status internacional para a Amaz\u00f4nia.<\/p>\n<h2>Fundo Amaz\u00f4nia<\/h2>\n<p>A Alemanha, junto com a Noruega, \u00e9 o maior doador de recursos para Fundo Amaz\u00f4nia, programa de coopera\u00e7\u00e3o internacional para a preserva\u00e7\u00e3o ambiental na regi\u00e3o. No in\u00edcio do m\u00eas, os dois pa\u00edses suspenderam os repasses ap\u00f3s a divulga\u00e7\u00e3o das taxas de desmatamento na Amaz\u00f4nia Legal.<\/p>\n<p>Em diversas ocasi\u00f5es, o presidente Bolsonaro\u00a0afirmou\u00a0que essas doa\u00e7\u00f5es eram formas de \u201ccomprar a Amaz\u00f4nia \u00e0 presta\u00e7\u00e3o\u201d e ferir a soberania nacional no controle da regi\u00e3o. Mas\u00a0hoje\u00a0disse que est\u00e1 disposto a conversar com Merkel sobre o assunto e receber os recursos, desde que o Brasil tenha o controle\u00a0de onde ele ser\u00e1 aplicado. \u201cN\u00f3s queremos saber para onde vai essa grana. Geralmente, vai em parte para ongueiros\u00a0[organiza\u00e7\u00f5es n\u00e3o-governamentais], que n\u00e3o tem retorno nenhum. Em parte vai para boas coisas, compra de material, mas \u00e9 muita grana para pouca preserva\u00e7\u00e3o\u201d, disse o presidente.<\/p>\n<p>De acordo com ele, o projeto de explora\u00e7\u00e3o mineral da Amaz\u00f4nia est\u00e1 sendo constru\u00eddo pelo Minist\u00e9rio de Minas e Energia e \u201cvai acontecer\u201d. Bolsonaro tamb\u00e9m voltou a repetir que\u00a0n\u00e3o vai demarcar mais terras ind\u00edgenas no pa\u00eds e que pretender rever antigas demarca\u00e7\u00f5es. \u201cDecis\u00e3o minha, n\u00e3o tem mais reserva ind\u00edgena no Brasil, muito pelo contr\u00e1rio, vamos rever as que foram demarcadas com laudo, com muita suspei\u00e7\u00e3o de fraudes no passado. Se houver irregularidade, n\u00e3o \u00e9 inconstitucional\u201d, afirmou.<\/p>\n<p>Fonte: Ag\u00eancia Brasil<\/p>\n","protected":false},"excerpt":{"rendered":"<p>O presidente Jair Bolsonaro confirmou\u00a0nesta sexta-feira (30) que est\u00e1 previsto receber um telefonema da chanceler alem\u00e3, Angela Merkel, nesta tarde. Os dois devem tratar da doa\u00e7\u00e3o de recursos internacionais para o combate \u00e0s queimadas e preserva\u00e7\u00e3o das florestas da Amaz\u00f4nia. \u201cEla come\u00e7ou com um tom, depois foi para a normalidade. Eu estou pronto a conversar [&hellip;]<\/p>\n","protected":false},"author":96,"featured_media":144903,"comment_status":"closed","ping_status":"closed","sticky":false,"template":"","format":"standard","meta":{"footnotes":""},"categories":[436,254,439],"tags":[],"class_list":["post-146989","post","type-post","status-publish","format-standard","has-post-thumbnail","hentry","category-destaque-da-semana","category-politica","category-ultima-hora"],"_links":{"self":[{"href":"https:\/\/diarioregionaldigital.com.br\/index.php?rest_route=\/wp\/v2\/posts\/146989","targetHints":{"allow":["GET"]}}],"collection":[{"href":"https:\/\/diarioregionaldigital.com.br\/index.php?rest_route=\/wp\/v2\/posts"}],"about":[{"href":"https:\/\/diarioregionaldigital.com.br\/index.php?rest_route=\/wp\/v2\/types\/post"}],"author":[{"embeddable":true,"href":"https:\/\/diarioregionaldigital.com.br\/index.php?rest_route=\/wp\/v2\/users\/96"}],"replies":[{"embeddable":true,"href":"https:\/\/diarioregionaldigital.com.br\/index.php?rest_route=%2Fwp%2Fv2%2Fcomments&post=146989"}],"version-history":[{"count":0,"href":"https:\/\/diarioregionaldigital.com.br\/index.php?rest_route=\/wp\/v2\/posts\/146989\/revisions"}],"wp:featuredmedia":[{"embeddable":true,"href":"https:\/\/diarioregionaldigital.com.br\/index.php?rest_route=\/wp\/v2\/media\/144903"}],"wp:attachment":[{"href":"https:\/\/diarioregionaldigital.com.br\/index.php?rest_route=%2Fwp%2Fv2%2Fmedia&parent=146989"}],"wp:term":[{"taxonomy":"category","embeddable":true,"href":"https:\/\/diarioregionaldigital.com.br\/index.php?rest_route=%2Fwp%2Fv2%2Fcategories&post=146989"},{"taxonomy":"post_tag","embeddable":true,"href":"https:\/\/diarioregionaldigital.com.br\/index.php?rest_route=%2Fwp%2Fv2%2Ftags&post=146989"}],"curies":[{"name":"wp","href":"https:\/\/api.w.org\/{rel}","templated":true}]}}