{"id":146858,"date":"2019-09-01T06:00:07","date_gmt":"2019-09-01T09:00:07","guid":{"rendered":"https:\/\/diarioregionaldigital.com.br\/?p=146858"},"modified":"2019-08-29T18:27:10","modified_gmt":"2019-08-29T21:27:10","slug":"votacao-da-pec-da-cessao-onerosa-fica-para-esta-semana","status":"publish","type":"post","link":"https:\/\/diarioregionaldigital.com.br\/?p=146858","title":{"rendered":"Vota\u00e7\u00e3o da PEC da cess\u00e3o onerosa fica para esta semana"},"content":{"rendered":"<p>Prevista para a \u00faltima quarta-feira, 28, a vota\u00e7\u00e3o da PEC da cess\u00e3o onerosa foi adiada para a pr\u00f3xima semana. A sess\u00e3o de vota\u00e7\u00f5es do Senado foi adiada devido \u00e0 sess\u00e3o do Congresso Nacional para vota\u00e7\u00e3o de vetos, que se prolongou al\u00e9m do esperado.<\/p>\n<p>O relator da <a href=\"https:\/\/www25.senado.leg.br\/web\/atividade\/materias\/-\/materia\/137438\">PEC 98\/2019<\/a>, senador Cid Gomes (PDT-CE), afirmou \u00e0 imprensa que a proposta deve ser votada na primeira semana de setembro, em dois turnos. Seguindo para an\u00e1lise da C\u00e2mara logo depois.<\/p>\n<p>\u2014 H\u00e1 um entendimento com as lideran\u00e7as para que seja votado em primeiro turno, em seguida um requerimento de quebra de interst\u00edcio, e, na sequ\u00eancia, o segundo turno. Na Comiss\u00e3o de Constitui\u00e7\u00e3o e Justi\u00e7a [CCJ] a aprova\u00e7\u00e3o foi consensual \u2014 afirmou.<\/p>\n<p>O texto que ser\u00e1 votado em Plen\u00e1rio \u00e9 o relat\u00f3rio de Cid Gomes aprovado na parte da manh\u00e3 pela CCJ. A mat\u00e9ria destina a estados e munic\u00edpios parte do que ser\u00e1 arrecadado pela Uni\u00e3o com o b\u00f4nus de assinatura (pagamento que a empresa ganhadora da licita\u00e7\u00e3o realiza na assinatura do contrato de explora\u00e7\u00e3o) do leil\u00e3o do pr\u00e9-sal, agendado para novembro.<\/p>\n<p>Estados e munic\u00edpios n\u00e3o viram o dinheiro da primeira etapa da explora\u00e7\u00e3o, porque a transfer\u00eancia do arrecadado pelo pr\u00e9-sal \u00e9 contabilizada no c\u00e1lculo das despesas prim\u00e1rias do Or\u00e7amento federal. Quando a parcela esbarra no teto de gastos da Uni\u00e3o, n\u00e3o h\u00e1 o repasse. A PEC 98\/2019 altera isso: ela modifica a regra dos limites de despesas prim\u00e1rias (art. 107 do Ato das Disposi\u00e7\u00f5es Constitucionais Transit\u00f3rias &#8211; ADCT) para evitar que essas transfer\u00eancias entrem na conta do teto e o dinheiro fique retido nos cofres da Uni\u00e3o.<\/p>\n<p>Cid Gomes explicou que a expectativa \u00e9 que a Uni\u00e3o arrecade R$ 106 bilh\u00f5es com esse b\u00f4nus de assinatura. Desse montante, disse o senador, o governo ter\u00e1 de pagar R$ 36 bilh\u00f5es para a Petrobras, relativos ao contrato da cess\u00e3o onerosa sobre o petr\u00f3leo excedente do pr\u00e9-sal. O senador disse que em seu site pessoal (<a href=\"http:\/\/www.cidgomes.com.br\">www.cidgomes.com.br<\/a>) h\u00e1 um aplicativo em que se pode descobrir quanto cada ente federativo dever\u00e1 receber.<\/p>\n<p>A cess\u00e3o onerosa (<a href=\"http:\/\/www.planalto.gov.br\/ccivil_03\/_Ato2007-2010\/2010\/Lei\/L12276.htm\">Lei 12.276, de 2010<\/a>) \u00e9 um contrato em que o governo cedeu uma parte da \u00e1rea do pr\u00e9-sal para a Petrobras, que obteve o direito de explorar at\u00e9 5 bilh\u00f5es de barris de petr\u00f3leo por contrata\u00e7\u00e3o direta por 40 anos. Em troca, a empresa antecipou o pagamento de R$ 74,8 bilh\u00f5es ao governo. No entanto, descobriu-se posteriormente um volume maior do combust\u00edvel f\u00f3ssil na regi\u00e3o, o que fez a Petrobras pedir ajuste no contrato por conta da desvaloriza\u00e7\u00e3o do pre\u00e7o do barril de petr\u00f3leo.<\/p>\n<p>Assim, explicou Cid Gomes, restar\u00e3o cerca de R$ 70 bilh\u00f5es. Desse valor, 15% ser\u00e3o destinados aos munic\u00edpios e 15% aos estados e Distrito Federal. Disse ainda que a cess\u00e3o onerosa \u00e9 um dos pontos do chamado <a href=\"http:\/\/www12.senado.leg.br\/noticias\/materias\/2019\/08\/20\/novo-pacto-federativo-sera-concluido-em-dois-meses-afirma-presidente-do-senado\">novo pacto federativo<\/a>.<\/p>\n<p>&nbsp;<\/p>\n<p>Fonte: Ag\u00eancia Senado<\/p>\n","protected":false},"excerpt":{"rendered":"<p>Prevista para a \u00faltima quarta-feira, 28, a vota\u00e7\u00e3o da PEC da cess\u00e3o onerosa foi adiada para a pr\u00f3xima semana. A sess\u00e3o de vota\u00e7\u00f5es do Senado foi adiada devido \u00e0 sess\u00e3o do Congresso Nacional para vota\u00e7\u00e3o de vetos, que se prolongou al\u00e9m do esperado. O relator da PEC 98\/2019, senador Cid Gomes (PDT-CE), afirmou \u00e0 imprensa [&hellip;]<\/p>\n","protected":false},"author":96,"featured_media":146859,"comment_status":"closed","ping_status":"closed","sticky":false,"template":"","format":"standard","meta":{"footnotes":""},"categories":[436,254,439],"tags":[],"class_list":["post-146858","post","type-post","status-publish","format-standard","has-post-thumbnail","hentry","category-destaque-da-semana","category-politica","category-ultima-hora"],"_links":{"self":[{"href":"https:\/\/diarioregionaldigital.com.br\/index.php?rest_route=\/wp\/v2\/posts\/146858","targetHints":{"allow":["GET"]}}],"collection":[{"href":"https:\/\/diarioregionaldigital.com.br\/index.php?rest_route=\/wp\/v2\/posts"}],"about":[{"href":"https:\/\/diarioregionaldigital.com.br\/index.php?rest_route=\/wp\/v2\/types\/post"}],"author":[{"embeddable":true,"href":"https:\/\/diarioregionaldigital.com.br\/index.php?rest_route=\/wp\/v2\/users\/96"}],"replies":[{"embeddable":true,"href":"https:\/\/diarioregionaldigital.com.br\/index.php?rest_route=%2Fwp%2Fv2%2Fcomments&post=146858"}],"version-history":[{"count":0,"href":"https:\/\/diarioregionaldigital.com.br\/index.php?rest_route=\/wp\/v2\/posts\/146858\/revisions"}],"wp:featuredmedia":[{"embeddable":true,"href":"https:\/\/diarioregionaldigital.com.br\/index.php?rest_route=\/wp\/v2\/media\/146859"}],"wp:attachment":[{"href":"https:\/\/diarioregionaldigital.com.br\/index.php?rest_route=%2Fwp%2Fv2%2Fmedia&parent=146858"}],"wp:term":[{"taxonomy":"category","embeddable":true,"href":"https:\/\/diarioregionaldigital.com.br\/index.php?rest_route=%2Fwp%2Fv2%2Fcategories&post=146858"},{"taxonomy":"post_tag","embeddable":true,"href":"https:\/\/diarioregionaldigital.com.br\/index.php?rest_route=%2Fwp%2Fv2%2Ftags&post=146858"}],"curies":[{"name":"wp","href":"https:\/\/api.w.org\/{rel}","templated":true}]}}