{"id":146848,"date":"2019-09-01T06:00:35","date_gmt":"2019-09-01T09:00:35","guid":{"rendered":"https:\/\/diarioregionaldigital.com.br\/?p=146848"},"modified":"2019-08-29T14:13:29","modified_gmt":"2019-08-29T17:13:29","slug":"inflacao-do-aluguel-e-de-495-em-12-meses","status":"publish","type":"post","link":"https:\/\/diarioregionaldigital.com.br\/?p=146848","title":{"rendered":"Infla\u00e7\u00e3o do aluguel \u00e9 de 4,95% em 12 meses"},"content":{"rendered":"<p>O \u00cdndice Geral de Pre\u00e7os\u2013Mercado (IGP-M), usado no reajuste dos contratos de aluguel, registrou defla\u00e7\u00e3o (queda de pre\u00e7os) de 0,67% em agosto.<\/p>\n<p>Em julho, ele havia acusado infla\u00e7\u00e3o de 0,40%, segundo informou hoje, no Rio de Janeiro, a Funda\u00e7\u00e3o Getulio Vargas (FGV).<\/p>\n<p>O IGP-M acumula infla\u00e7\u00e3o de 4,09% no ano e de 4,95% em 12 meses. A queda da taxa de julho para agosto foi puxada pelos pre\u00e7os no atacado e pelo custo da constru\u00e7\u00e3o.<\/p>\n<p>O \u00cdndice de Pre\u00e7os ao Produtor Amplo, que mede o atacado, anotou defla\u00e7\u00e3o de 1,14% em agosto, depois de\u00a0 uma infla\u00e7\u00e3o de 0,40% em julho.<\/p>\n<p>J\u00e1 o \u00cdndice Nacional de Custo da Constru\u00e7\u00e3o continuou registrando infla\u00e7\u00e3o em agosto (0,34%), mas num ritmo inferior a julho (0,91%).<\/p>\n<p>Fonte: Ag\u00eancia Brasil<\/p>\n","protected":false},"excerpt":{"rendered":"<p>O \u00cdndice Geral de Pre\u00e7os\u2013Mercado (IGP-M), usado no reajuste dos contratos de aluguel, registrou defla\u00e7\u00e3o (queda de pre\u00e7os) de 0,67% em agosto. Em julho, ele havia acusado infla\u00e7\u00e3o de 0,40%, segundo informou hoje, no Rio de Janeiro, a Funda\u00e7\u00e3o Getulio Vargas (FGV). O IGP-M acumula infla\u00e7\u00e3o de 4,09% no ano e de 4,95% em 12 [&hellip;]<\/p>\n","protected":false},"author":96,"featured_media":146849,"comment_status":"closed","ping_status":"closed","sticky":false,"template":"","format":"standard","meta":{"footnotes":""},"categories":[436,261,439],"tags":[],"class_list":["post-146848","post","type-post","status-publish","format-standard","has-post-thumbnail","hentry","category-destaque-da-semana","category-economia","category-ultima-hora"],"_links":{"self":[{"href":"https:\/\/diarioregionaldigital.com.br\/index.php?rest_route=\/wp\/v2\/posts\/146848","targetHints":{"allow":["GET"]}}],"collection":[{"href":"https:\/\/diarioregionaldigital.com.br\/index.php?rest_route=\/wp\/v2\/posts"}],"about":[{"href":"https:\/\/diarioregionaldigital.com.br\/index.php?rest_route=\/wp\/v2\/types\/post"}],"author":[{"embeddable":true,"href":"https:\/\/diarioregionaldigital.com.br\/index.php?rest_route=\/wp\/v2\/users\/96"}],"replies":[{"embeddable":true,"href":"https:\/\/diarioregionaldigital.com.br\/index.php?rest_route=%2Fwp%2Fv2%2Fcomments&post=146848"}],"version-history":[{"count":0,"href":"https:\/\/diarioregionaldigital.com.br\/index.php?rest_route=\/wp\/v2\/posts\/146848\/revisions"}],"wp:featuredmedia":[{"embeddable":true,"href":"https:\/\/diarioregionaldigital.com.br\/index.php?rest_route=\/wp\/v2\/media\/146849"}],"wp:attachment":[{"href":"https:\/\/diarioregionaldigital.com.br\/index.php?rest_route=%2Fwp%2Fv2%2Fmedia&parent=146848"}],"wp:term":[{"taxonomy":"category","embeddable":true,"href":"https:\/\/diarioregionaldigital.com.br\/index.php?rest_route=%2Fwp%2Fv2%2Fcategories&post=146848"},{"taxonomy":"post_tag","embeddable":true,"href":"https:\/\/diarioregionaldigital.com.br\/index.php?rest_route=%2Fwp%2Fv2%2Ftags&post=146848"}],"curies":[{"name":"wp","href":"https:\/\/api.w.org\/{rel}","templated":true}]}}