{"id":146847,"date":"2019-09-01T06:00:40","date_gmt":"2019-09-01T09:00:40","guid":{"rendered":"https:\/\/diarioregionaldigital.com.br\/?p=146847"},"modified":"2019-08-29T14:12:25","modified_gmt":"2019-08-29T17:12:25","slug":"economia-brasileira-cresce-04-no-segundo-trimestre-anuncia-ibge","status":"publish","type":"post","link":"https:\/\/diarioregionaldigital.com.br\/?p=146847","title":{"rendered":"Economia brasileira cresce 0,4% no segundo trimestre, anuncia IBGE"},"content":{"rendered":"<p>O Produto Interno Bruto (PIB), que \u00e9 a soma de todos os bens e servi\u00e7os produzidos no pa\u00eds, teve um crescimento de 0,4% no segundo trimestre deste ano, na compara\u00e7\u00e3o com o trimestre anterior. O PIB somou R$ 1,78 trilh\u00e3o no per\u00edodo.<\/p>\n<p>O dado foi divulgado na quinta-feira, 29, no Rio de Janeiro, pelo Instituto Brasileiro de Geografia e Estat\u00edstica (IBGE). O PIB tamb\u00e9m apresentou altas de 1% na compara\u00e7\u00e3o com o segundo trimestre de 2018, de 0,7% no acumulado do ano e de 1% nos \u00faltimos 12 meses.<\/p>\n<p>Na compara\u00e7\u00e3o do segundo com o primeiro trimestre deste ano, a alta de 0,4% foi puxada, sob a \u00f3tica da produ\u00e7\u00e3o, pelos crescimentos de 0,3% do setor de servi\u00e7os e de 0,7% da ind\u00fastria. A agropecu\u00e1ria recuou 0,4% no per\u00edodo.<\/p>\n<p>Na ind\u00fastria, os principais desempenhos vieram da ind\u00fastria da transforma\u00e7\u00e3o (2%) e da constru\u00e7\u00e3o (1,9%). As ind\u00fastrias extrativas recuaram 3,8% e a atividade de eletricidade, g\u00e1s, \u00e1gua, esgoto e gest\u00e3o de res\u00edduos caiu 0,7%.<\/p>\n<p>Nos servi\u00e7os, houve resultados positivos nas atividades imobili\u00e1rias (0,7%), com\u00e9rcio (0,7%), informa\u00e7\u00e3o e comunica\u00e7\u00e3o (0,5%) e outras atividades de servi\u00e7os (0,4%).<\/p>\n<p>Por outro lado, tiveram queda os segmentos de administra\u00e7\u00e3o, defesa, sa\u00fade e educa\u00e7\u00e3o p\u00fablicas e seguridade social (-0,6%), transporte, armazenagem e correio (-0,3%) e atividades financeiras, de seguros e servi\u00e7os relacionados (-0,1%).<\/p>\n<h2>Demanda<\/h2>\n<p>Sob a \u00f3tica da demanda, a alta do PIB do primeiro para o segundo trimestre foi puxada pela forma\u00e7\u00e3o bruta de capital fixo, isto \u00e9, os investimentos (3,2%), e pelo consumo das fam\u00edlias (0,3%). O consumo do governo teve queda de 1% e as exporta\u00e7\u00f5es recuaram 1,6%. As importa\u00e7\u00f5es cresceram 1%.<\/p>\n<p>Fonte: Ag\u00eancia Brasil<\/p>\n","protected":false},"excerpt":{"rendered":"<p>O Produto Interno Bruto (PIB), que \u00e9 a soma de todos os bens e servi\u00e7os produzidos no pa\u00eds, teve um crescimento de 0,4% no segundo trimestre deste ano, na compara\u00e7\u00e3o com o trimestre anterior. O PIB somou R$ 1,78 trilh\u00e3o no per\u00edodo. O dado foi divulgado na quinta-feira, 29, no Rio de Janeiro, pelo Instituto [&hellip;]<\/p>\n","protected":false},"author":96,"featured_media":146850,"comment_status":"closed","ping_status":"closed","sticky":false,"template":"","format":"standard","meta":{"footnotes":""},"categories":[436,261,439],"tags":[],"class_list":["post-146847","post","type-post","status-publish","format-standard","has-post-thumbnail","hentry","category-destaque-da-semana","category-economia","category-ultima-hora"],"_links":{"self":[{"href":"https:\/\/diarioregionaldigital.com.br\/index.php?rest_route=\/wp\/v2\/posts\/146847","targetHints":{"allow":["GET"]}}],"collection":[{"href":"https:\/\/diarioregionaldigital.com.br\/index.php?rest_route=\/wp\/v2\/posts"}],"about":[{"href":"https:\/\/diarioregionaldigital.com.br\/index.php?rest_route=\/wp\/v2\/types\/post"}],"author":[{"embeddable":true,"href":"https:\/\/diarioregionaldigital.com.br\/index.php?rest_route=\/wp\/v2\/users\/96"}],"replies":[{"embeddable":true,"href":"https:\/\/diarioregionaldigital.com.br\/index.php?rest_route=%2Fwp%2Fv2%2Fcomments&post=146847"}],"version-history":[{"count":0,"href":"https:\/\/diarioregionaldigital.com.br\/index.php?rest_route=\/wp\/v2\/posts\/146847\/revisions"}],"wp:featuredmedia":[{"embeddable":true,"href":"https:\/\/diarioregionaldigital.com.br\/index.php?rest_route=\/wp\/v2\/media\/146850"}],"wp:attachment":[{"href":"https:\/\/diarioregionaldigital.com.br\/index.php?rest_route=%2Fwp%2Fv2%2Fmedia&parent=146847"}],"wp:term":[{"taxonomy":"category","embeddable":true,"href":"https:\/\/diarioregionaldigital.com.br\/index.php?rest_route=%2Fwp%2Fv2%2Fcategories&post=146847"},{"taxonomy":"post_tag","embeddable":true,"href":"https:\/\/diarioregionaldigital.com.br\/index.php?rest_route=%2Fwp%2Fv2%2Ftags&post=146847"}],"curies":[{"name":"wp","href":"https:\/\/api.w.org\/{rel}","templated":true}]}}