{"id":146660,"date":"2019-08-26T18:56:20","date_gmt":"2019-08-26T21:56:20","guid":{"rendered":"https:\/\/diarioregionaldigital.com.br\/?p=146660"},"modified":"2019-08-26T18:56:20","modified_gmt":"2019-08-26T21:56:20","slug":"campanha-para-marcar-o-dia-nacional-de-combate-ao-fumo-sera-realizada-em-juiz-de-fora","status":"publish","type":"post","link":"https:\/\/diarioregionaldigital.com.br\/?p=146660","title":{"rendered":"Campanha para marcar o Dia Nacional de Combate ao Fumo ser\u00e1 realizada em Juiz de Fora"},"content":{"rendered":"<p>O Dia Nacional de Combate ao Fumo \u00e9 celebrado no pr\u00f3ximo dia 29 de agosto, quinta-feira, e tem como objetivo refor\u00e7ar as a\u00e7\u00f5es de sensibiliza\u00e7\u00e3o contra os danos sociais, pol\u00edticos, econ\u00f4micos e ambientais causados pelo tabaco, mobilizando a popula\u00e7\u00e3o sobre o tema. Em Juiz de Fora, para lembrar a data, o Servi\u00e7o de Controle, Preven\u00e7\u00e3o e Tratamento do Tabagismo (Secoptt) da Secretaria de Sa\u00fade (SS) far\u00e1 campanha no t\u00e9rreo do Posto de Atendimento M\u00e9dico (PAM Marechal), divulgando o servi\u00e7o com panfletagem e informa\u00e7\u00f5es sobre o tratamento.<\/p>\n<p>Conforme a pasta, reconhecendo o tabagismo como doen\u00e7a, o Secoptt estabeleceu como estrat\u00e9gia o foco na experimenta\u00e7\u00e3o e inicia\u00e7\u00e3o, que ocorrem principalmente entre adolescentes e jovens. Para isso, o setor vai promover uma palestra sobre o assunto nesta ter\u00e7a, 27, em parceria com a Secretaria de Desenvolvimento Social, para os usu\u00e1rios da ONG Amigos M\u00e3os Abertas, do bairro Carlos Chagas.<\/p>\n<p>Em 2019, a proposta \u00e9 continuar impulsionando o tema escolhido pela Organiza\u00e7\u00e3o Mundial da Sa\u00fade (OMS) para o Dia Mundial sem Tabaco, comemorado em 31 de maio deste ano: \u201cTabaco ou Sa\u00fade \u2013 O Uso Do Narguil\u00e9\u201d. Desta forma, pretende-se alertar a popula\u00e7\u00e3o sobre o impacto negativo que o uso do tabaco e a exposi\u00e7\u00e3o ao fumo passivo exercem sobre a sa\u00fade, sendo fatores de risco para o desenvolvimento de doen\u00e7as pulmonares.<\/p>\n<p>Atrav\u00e9s da assessoria, a assistente social do Secoptt, Sandra Tolomelli, disse que o objetivo \u00e9 conscientizar para doen\u00e7as pulmonares que podem ser causadas pelo tabagismo. \u201cQueremos alertar para os malef\u00edcios de todas as formas de uso do tabaco, inclusive narguil\u00e9, cigarro de palha e o cigarro eletr\u00f4nico. Al\u00e9m disso, buscamos encorajar as pessoas que est\u00e3o fumando e desejam parar, mesmo que j\u00e1 tenham tentado antes, para que n\u00e3o desistam e busquem ajuda\u201d.<\/p>\n<p>&nbsp;<\/p>\n<p><strong>Tratamento gratuito<\/strong><\/p>\n<p>O Servi\u00e7o de Controle, Preven\u00e7\u00e3o e Tratamento do Tabagismo oferece tratamento gratuito aos usu\u00e1rios do SUS que desejam parar de fumar. Os interessados devem procurar a Unidade B\u00e1sica de Sa\u00fade (UBS) de refer\u00eancia do seu bairro, onde v\u00e3o receber as primeiras orienta\u00e7\u00f5es. Caso o interessado seja morador de \u00e1rea descoberta, \u00e9 preciso procurar o Secoptt, que funciona na sala 103 no primeiro andar do PAM Marechal, das 7 \u00e0s 12 horas e das 13 \u00e0s 17 horas ou entrar em contato pelo telefone 3690-7714.<\/p>\n<p>O tratamento do tabagismo no Secoptt utiliza a Abordagem Cognitivo- Comportamental (ACC). Trata-se de uma t\u00e9cnica de aconselhamento pautada na orienta\u00e7\u00e3o para a mudan\u00e7a de comportamento em rela\u00e7\u00e3o \u00e0 depend\u00eancia f\u00edsica, comportamental e psicol\u00f3gica do tabaco. Ou seja, \u00e9 o aprendizado de estrat\u00e9gias para resistir \u00e0 compuls\u00e3o por fumar, visando a cessar e prevenir as reca\u00eddas. Al\u00e9m disso, caso necess\u00e1rio, o paciente com dificuldade para iniciar a desintoxica\u00e7\u00e3o recebe apoio medicamentoso.<\/p>\n<p>Inicialmente, o paciente \u00e9 chamado para uma reuni\u00e3o de sensibiliza\u00e7\u00e3o, onde s\u00e3o repassadas informa\u00e7\u00f5es sobre os malef\u00edcios do tabagismo, benef\u00edcios ao parar de fumar e orienta\u00e7\u00f5es gerais sobre o tratamento. Desse encontro, o paciente sai com consulta agendada e o cronograma de dez sess\u00f5es que comp\u00f5em o tratamento, totalizando seis meses.<\/p>\n","protected":false},"excerpt":{"rendered":"<p>O Dia Nacional de Combate ao Fumo \u00e9 celebrado no pr\u00f3ximo dia 29 de agosto, quinta-feira, e tem como objetivo refor\u00e7ar as a\u00e7\u00f5es de sensibiliza\u00e7\u00e3o contra os danos sociais, pol\u00edticos, econ\u00f4micos e ambientais causados pelo tabaco, mobilizando a popula\u00e7\u00e3o sobre o tema. Em Juiz de Fora, para lembrar a data, o Servi\u00e7o de Controle, Preven\u00e7\u00e3o [&hellip;]<\/p>\n","protected":false},"author":96,"featured_media":146648,"comment_status":"closed","ping_status":"closed","sticky":false,"template":"","format":"standard","meta":{"footnotes":""},"categories":[253,436,440,439],"tags":[],"class_list":["post-146660","post","type-post","status-publish","format-standard","has-post-thumbnail","hentry","category-cidade","category-destaque-da-semana","category-destaques-do-dia","category-ultima-hora"],"_links":{"self":[{"href":"https:\/\/diarioregionaldigital.com.br\/index.php?rest_route=\/wp\/v2\/posts\/146660","targetHints":{"allow":["GET"]}}],"collection":[{"href":"https:\/\/diarioregionaldigital.com.br\/index.php?rest_route=\/wp\/v2\/posts"}],"about":[{"href":"https:\/\/diarioregionaldigital.com.br\/index.php?rest_route=\/wp\/v2\/types\/post"}],"author":[{"embeddable":true,"href":"https:\/\/diarioregionaldigital.com.br\/index.php?rest_route=\/wp\/v2\/users\/96"}],"replies":[{"embeddable":true,"href":"https:\/\/diarioregionaldigital.com.br\/index.php?rest_route=%2Fwp%2Fv2%2Fcomments&post=146660"}],"version-history":[{"count":0,"href":"https:\/\/diarioregionaldigital.com.br\/index.php?rest_route=\/wp\/v2\/posts\/146660\/revisions"}],"wp:featuredmedia":[{"embeddable":true,"href":"https:\/\/diarioregionaldigital.com.br\/index.php?rest_route=\/wp\/v2\/media\/146648"}],"wp:attachment":[{"href":"https:\/\/diarioregionaldigital.com.br\/index.php?rest_route=%2Fwp%2Fv2%2Fmedia&parent=146660"}],"wp:term":[{"taxonomy":"category","embeddable":true,"href":"https:\/\/diarioregionaldigital.com.br\/index.php?rest_route=%2Fwp%2Fv2%2Fcategories&post=146660"},{"taxonomy":"post_tag","embeddable":true,"href":"https:\/\/diarioregionaldigital.com.br\/index.php?rest_route=%2Fwp%2Fv2%2Ftags&post=146660"}],"curies":[{"name":"wp","href":"https:\/\/api.w.org\/{rel}","templated":true}]}}