{"id":146643,"date":"2019-08-26T18:01:24","date_gmt":"2019-08-26T21:01:24","guid":{"rendered":"https:\/\/diarioregionaldigital.com.br\/?p=146643"},"modified":"2019-08-26T18:01:24","modified_gmt":"2019-08-26T21:01:24","slug":"equipes-do-bom-de-bola-participam-da-copa-prefeitura-bahamas-de-futebol-amador","status":"publish","type":"post","link":"https:\/\/diarioregionaldigital.com.br\/?p=146643","title":{"rendered":"Equipes do \u201cBom de Bola\u201d participam da \u201cCopa Prefeitura Bahamas de Futebol Amador\u201d"},"content":{"rendered":"<p>Dentre as diretrizes do Programa \u201cBom de Bola\u201d, est\u00e1 a de participar de campeonatos e torneios da cidade e regi\u00e3o. Por isso, cinco equipes est\u00e3o inscritas na \u201cCopa Prefeitura Bahamas de Futebol Amador\u201d: \u201cBom de Bola Barreira\u201d, no mirim, \u201cBom de Bola Benfica\/Santa Cruz\u201d, no mirim e no infantil, e \u201cBom de Bola\/Aurora Dortmund\u201d, no infantojuvenil e no juvenil. E o fim de semana foi de estreia e de prepara\u00e7\u00e3o para a Copa.<\/p>\n<p>No domingo, 25, os meninos do \u201cBom de Bola\/Aurora Dortmund 17\u201d chegaram \u00e0s finais da \u201cCopa Renova\u00e7\u00e3o\u201d, criada pelo instrutor do programa Rodrigo Magalh\u00e3es para inserir os meninos em ritmo de competi\u00e7\u00e3o e proporcionar o entrosamento da equipe. A final, contra o Roma Dom Bosco, no n\u00facleo Teixeiras, foi disputada e terminou em 1 a 1, com direito a gol de bicicleta do atacante \u201cBolinha\u201d. Por\u00e9m, a equipe n\u00e3o resistiu e perdeu por 2 a 0 nos p\u00eanaltis. A Copa contou com a participa\u00e7\u00e3o de outras cinco equipes convidadas.<\/p>\n<p>J\u00e1 o \u201cBom de Bola Barreira\u201d estreou na \u201cCopa Prefeitura Bahamas de Futebol Amador\u201d no s\u00e1bado, 24. O time estava ganhando no tempo normal, mas sofreu um gol faltando 30 segundos para terminar a partida, o que levou a decis\u00e3o para os p\u00eanaltis, quando acabou sendo derrotado, e vai para a repescagem. \u201cAs crian\u00e7as nunca tinham jogado em um campeonato e fiquei muito feliz com o desempenho delas, visto que a maioria era mais nova do que o time advers\u00e1rio e menor fisicamente\u201d, avalia o instrutor Mateus Ribeiro.<\/p>\n<p>&nbsp;<\/p>\n<p><strong>Bom de Bola<\/strong><\/p>\n<p>Programa socioesportivo gratuito, promovido pela Prefeitura de Juiz de Fora (PJF), atrav\u00e9s da Secretaria de Esporte e Lazer (SEL), em n\u00facleos espalhados por todas as regi\u00f5es da cidade. Atende crian\u00e7as e adolescentes entre 6 e 16 anos, matriculados na rede escolar p\u00fablica ou privada. O programa tem por objetivo propiciar a crian\u00e7as e adolescentes, principalmente aqueles em risco social, atividade orientada, capaz de afast\u00e1-los das drogas e da viol\u00eancia. Atrav\u00e9s do programa, busca-se mudan\u00e7a de comportamento do aluno, trazendo-lhe mais sociabilidade, concentra\u00e7\u00e3o, disciplina e sa\u00fade. Al\u00e9m do treinamento cont\u00ednuo na modalidade de futebol, s\u00e3o realizados torneios internos entre os n\u00facleos, a fim de selecionar os melhores jogadores de cada categoria e formar a equipe do &#8220;Bom de Bola&#8221;, para disputar partidas oficiais, a princ\u00edpio em campeonatos municipais e regionais.<\/p>\n<p>Fonte: Assessoria<\/p>\n","protected":false},"excerpt":{"rendered":"<p>Dentre as diretrizes do Programa \u201cBom de Bola\u201d, est\u00e1 a de participar de campeonatos e torneios da cidade e regi\u00e3o. Por isso, cinco equipes est\u00e3o inscritas na \u201cCopa Prefeitura Bahamas de Futebol Amador\u201d: \u201cBom de Bola Barreira\u201d, no mirim, \u201cBom de Bola Benfica\/Santa Cruz\u201d, no mirim e no infantil, e \u201cBom de Bola\/Aurora Dortmund\u201d, no [&hellip;]<\/p>\n","protected":false},"author":96,"featured_media":146639,"comment_status":"closed","ping_status":"closed","sticky":false,"template":"","format":"standard","meta":{"footnotes":""},"categories":[436,257,439],"tags":[],"class_list":["post-146643","post","type-post","status-publish","format-standard","has-post-thumbnail","hentry","category-destaque-da-semana","category-esporte","category-ultima-hora"],"_links":{"self":[{"href":"https:\/\/diarioregionaldigital.com.br\/index.php?rest_route=\/wp\/v2\/posts\/146643","targetHints":{"allow":["GET"]}}],"collection":[{"href":"https:\/\/diarioregionaldigital.com.br\/index.php?rest_route=\/wp\/v2\/posts"}],"about":[{"href":"https:\/\/diarioregionaldigital.com.br\/index.php?rest_route=\/wp\/v2\/types\/post"}],"author":[{"embeddable":true,"href":"https:\/\/diarioregionaldigital.com.br\/index.php?rest_route=\/wp\/v2\/users\/96"}],"replies":[{"embeddable":true,"href":"https:\/\/diarioregionaldigital.com.br\/index.php?rest_route=%2Fwp%2Fv2%2Fcomments&post=146643"}],"version-history":[{"count":0,"href":"https:\/\/diarioregionaldigital.com.br\/index.php?rest_route=\/wp\/v2\/posts\/146643\/revisions"}],"wp:featuredmedia":[{"embeddable":true,"href":"https:\/\/diarioregionaldigital.com.br\/index.php?rest_route=\/wp\/v2\/media\/146639"}],"wp:attachment":[{"href":"https:\/\/diarioregionaldigital.com.br\/index.php?rest_route=%2Fwp%2Fv2%2Fmedia&parent=146643"}],"wp:term":[{"taxonomy":"category","embeddable":true,"href":"https:\/\/diarioregionaldigital.com.br\/index.php?rest_route=%2Fwp%2Fv2%2Fcategories&post=146643"},{"taxonomy":"post_tag","embeddable":true,"href":"https:\/\/diarioregionaldigital.com.br\/index.php?rest_route=%2Fwp%2Fv2%2Ftags&post=146643"}],"curies":[{"name":"wp","href":"https:\/\/api.w.org\/{rel}","templated":true}]}}