{"id":146633,"date":"2019-08-26T17:58:52","date_gmt":"2019-08-26T20:58:52","guid":{"rendered":"https:\/\/diarioregionaldigital.com.br\/?p=146633"},"modified":"2019-08-26T17:58:52","modified_gmt":"2019-08-26T20:58:52","slug":"daniel-petrucio-e-cia-brasil-dispara-na-frente","status":"publish","type":"post","link":"https:\/\/diarioregionaldigital.com.br\/?p=146633","title":{"rendered":"Daniel, Petr\u00facio e cia; Brasil dispara na frente"},"content":{"rendered":"<p>Entre as 38 medalhas que o Brasil conquistou neste domingo (25), no segundo dia, oficialmente, de competi\u00e7\u00f5es dos Jogos Parapan-Americanos de Lima 2019, duas foram colocadas no peito de dois dos maiores nomes do movimento paral\u00edmpico mundial. No atletismo, o paraibano Petr\u00facio Ferreira conquistou o in\u00e9dito ouro nos 400m da classe T47 e, na nata\u00e7\u00e3o, o paulista Daniel Dias foi campe\u00e3o nos 50m costas da classe S5.<\/p>\n<p>O Brasil est\u00e1 isolado na lideran\u00e7a do quadro geral, com 78 medalhas. Das quais, s\u00e3o 27 de ouro, 22prata, e as 29 restantes de bronze. Somente neste domingo (25), a bandeira brasileira foi vista em 38 cerim\u00f4nias de p\u00f3dios nas arenas de competi\u00e7\u00e3o peruanas \u2013 duas a menos que no s\u00e1bado quando fomos 40 vezes laureados. No entanto com maior n\u00famero de ouros: 10 no primeiro dia e 16 hoje. Est\u00e1 tudo dominado.<\/p>\n<p>&nbsp;<\/p>\n<p><strong>BRASIL REINA COM 16 P\u00d3DIOS, 8 OUROS E 7 RECORDES NO ATLETISMO<\/strong><\/p>\n<p>Teve medalha de ouro de todos os jeitos para o Brasil neste domingo de atletismo nos Jogos Parapan-americanos. Teve favorito na teoria se confirmando na pr\u00e1tica. Teve gente que n\u00e3o se contentou em subir no p\u00f3dio, mas tamb\u00e9m bateu recorde. Houve atleta que teve sucesso mesmo em prova que n\u00e3o \u00e9 sua especialidade. E tamb\u00e9m quem ganhou, mas n\u00e3o saiu do Est\u00e1dio Atl\u00e9tico, em Lima, no Peru, feliz com o desempenho. Com todos esses tipos de campe\u00f5es, o pa\u00eds levou oito ouros, quatro pratas e quatro bronzes, al\u00e9m de ter quebrado sete recordes do Parapan na capital peruana.<\/p>\n<p>Especialista nos 100m rasos, prova da qual \u00e9 recordista mundial, Petr\u00facio Ferreira gostou de se arriscar nos 400m rasos depois da medalha de prata na Paralimp\u00edada do Rio. Para isso, mudou a forma de treinar e aumentou a carga de exerc\u00edcios. O resultado do esfor\u00e7o foi a medalha de ouro tranquila conquistada neste domingo em Lima. O paraibano venceu a prova na classe T47 com mais de um segundo de vantagem em rela\u00e7\u00e3o ao segundo colocado.<\/p>\n<p>Atual campe\u00e3o paral\u00edmpico e mundial, Alessandro Rodrigo da Silva era disparado o favorito para a conquista da medalha de ouro no lan\u00e7amento de disco masculino F11. A \u201cobriga\u00e7\u00e3o\u201d de vencer n\u00e3o pesou para o brasileiro, que chegou l\u00e1 com muita tranquilidade. Ele lan\u00e7ou o disco a 45m34, praticamente 50% a mais do que o segundo colocado, o argentino Antonio Alexis Ortiz, que fez 30m97.<\/p>\n<p>Fonte: Olimp\u00edada Todo Dia<\/p>\n","protected":false},"excerpt":{"rendered":"<p>Entre as 38 medalhas que o Brasil conquistou neste domingo (25), no segundo dia, oficialmente, de competi\u00e7\u00f5es dos Jogos Parapan-Americanos de Lima 2019, duas foram colocadas no peito de dois dos maiores nomes do movimento paral\u00edmpico mundial. No atletismo, o paraibano Petr\u00facio Ferreira conquistou o in\u00e9dito ouro nos 400m da classe T47 e, na nata\u00e7\u00e3o, [&hellip;]<\/p>\n","protected":false},"author":96,"featured_media":146637,"comment_status":"closed","ping_status":"closed","sticky":false,"template":"","format":"standard","meta":{"footnotes":""},"categories":[436,257,439],"tags":[],"class_list":["post-146633","post","type-post","status-publish","format-standard","has-post-thumbnail","hentry","category-destaque-da-semana","category-esporte","category-ultima-hora"],"_links":{"self":[{"href":"https:\/\/diarioregionaldigital.com.br\/index.php?rest_route=\/wp\/v2\/posts\/146633","targetHints":{"allow":["GET"]}}],"collection":[{"href":"https:\/\/diarioregionaldigital.com.br\/index.php?rest_route=\/wp\/v2\/posts"}],"about":[{"href":"https:\/\/diarioregionaldigital.com.br\/index.php?rest_route=\/wp\/v2\/types\/post"}],"author":[{"embeddable":true,"href":"https:\/\/diarioregionaldigital.com.br\/index.php?rest_route=\/wp\/v2\/users\/96"}],"replies":[{"embeddable":true,"href":"https:\/\/diarioregionaldigital.com.br\/index.php?rest_route=%2Fwp%2Fv2%2Fcomments&post=146633"}],"version-history":[{"count":0,"href":"https:\/\/diarioregionaldigital.com.br\/index.php?rest_route=\/wp\/v2\/posts\/146633\/revisions"}],"wp:featuredmedia":[{"embeddable":true,"href":"https:\/\/diarioregionaldigital.com.br\/index.php?rest_route=\/wp\/v2\/media\/146637"}],"wp:attachment":[{"href":"https:\/\/diarioregionaldigital.com.br\/index.php?rest_route=%2Fwp%2Fv2%2Fmedia&parent=146633"}],"wp:term":[{"taxonomy":"category","embeddable":true,"href":"https:\/\/diarioregionaldigital.com.br\/index.php?rest_route=%2Fwp%2Fv2%2Fcategories&post=146633"},{"taxonomy":"post_tag","embeddable":true,"href":"https:\/\/diarioregionaldigital.com.br\/index.php?rest_route=%2Fwp%2Fv2%2Ftags&post=146633"}],"curies":[{"name":"wp","href":"https:\/\/api.w.org\/{rel}","templated":true}]}}