{"id":146615,"date":"2019-08-26T15:42:13","date_gmt":"2019-08-26T18:42:13","guid":{"rendered":"https:\/\/diarioregionaldigital.com.br\/?p=146615"},"modified":"2019-08-26T15:42:13","modified_gmt":"2019-08-26T18:42:13","slug":"pf-vai-investigar-grupo-que-teria-planejado-atear-fogo-a-floresta","status":"publish","type":"post","link":"https:\/\/diarioregionaldigital.com.br\/?p=146615","title":{"rendered":"PF vai investigar grupo que teria planejado atear fogo a floresta"},"content":{"rendered":"<p>O ministro da Justi\u00e7a e Seguran\u00e7a P\u00fablica, Sergio Moro, afirmou nesse domingo (25), em uma postagem no Twitter, que a Pol\u00edcia Federal (PF) vai investigar integrantes de um grupo que teria planejado atear fogo a \u00e1reas de floresta entre os munic\u00edpios de Altamira e Novo Progresso, sudoeste do Par\u00e1, no \u00faltimo dia 10 de agosto, data que chegou a ser batizada, por produtores rurais da regi\u00e3o, como &#8220;dia do fogo&#8221;. O caso foi denunciado em uma reportagem da revista Globo Rural.<\/p>\n<div class=\"dnd-widget-wrapper context-medio_4colunas type-image atom-align-left\">\n<div class=\"dnd-atom-rendered\">\n<figure class=\"mejs-fotoh-wrapper\"><img decoding=\"async\" class=\"img-responsive full full\" title=\"Fabio Rodrigues Pozzebom\/Ag\u00eancia Bras\u00edl\" src=\"http:\/\/imagens.ebc.com.br\/BNn0MmSoF7ZK3-ww8gaURJXhPoI=\/365x0\/smart\/http:\/\/agenciabrasil.ebc.com.br\/sites\/default\/files\/thumbnails\/image\/pzzb1331.jpg?itok=NUMxsnhY\" alt=\"O ministro da Justi\u00e7a e Seguran\u00e7a P\u00fablica, Sergio Moro, participa da  cerim\u00f4nia de assinatura de protocolo de inten\u00e7\u00f5es com o Minist\u00e9rio da Cidadania, para o combate \u00e0 pirataria \" \/><\/figure>\n<\/div>\n<div class=\"dnd-caption-wrapper\">\n<div class=\"meta\">O ministro da Justi\u00e7a e Seguran\u00e7a P\u00fablica, Sergio Moro. &#8211;\u00a0<strong>Fabio Rodrigues Pozzebom\/Ag\u00eancia Bras\u00edl<\/strong><\/div>\n<\/div>\n<\/div>\n<p>&#8220;Fui contatado hoje mesmo pelo PR\u00a0<a href=\"https:\/\/twitter.com\/jairbolsonaro\" target=\"_blank\" rel=\"noopener\">@jairbolsonaro<\/a>\u00a0sobre o fato e solicitando apura\u00e7\u00e3o rigorosa. A Pol\u00edcia Federal vai, com sua\u00a0<em>expertise<\/em>, apurar o fato. Inc\u00eandios criminosos na Amaz\u00f4nia ser\u00e3o severamente punidos&#8221;, afirmou o ministro.<\/p>\n<p>Segundo a mat\u00e9ria, mais de 70 pessoas, entre sindicalistas, produtores rurais, comerciantes e grileiros combinaram, por meio de um grupo de WhatsApp, incendiar as margens da BR-63, rodovia que liga essa regi\u00e3o do Par\u00e1 aos portos fluviais do Rio Tapaj\u00f3s e ao estado de Mato Grosso.<\/p>\n<p>A reportagem tamb\u00e9m foi compartilhada pelo ministro do Meio Ambiente, Ricardo Salles, em que ele refor\u00e7a a determina\u00e7\u00e3o do presidente Bolsonaro para uma &#8220;investiga\u00e7\u00e3o rigorosa&#8221; e puni\u00e7\u00e3o dos respons\u00e1veis pelos inc\u00eandios criminosos.<\/p>\n<p>De acordo com a assessoria do Minist\u00e9rio da Justi\u00e7a e Seguran\u00e7a P\u00fablica, a apura\u00e7\u00e3o da PF deve se concentrar sobre o caso denunciado na mat\u00e9ria da revista Globo Rural.<\/p>\n<h2>MPF no Par\u00e1 apura den\u00fancia<\/h2>\n<p>Na \u00faltima quinta-feira (23), o Minist\u00e9rio P\u00fablico Federal (MPF) no Par\u00e1 informou que est\u00e1 investigando o aumento de queimadas na mesma regi\u00e3o, incluindo uma den\u00fancia semelhante de inc\u00eandios criminosos. De acordo com o MPF, o procurador da Rep\u00fablica Paulo de Tarso Moreira Oliveira apura a convoca\u00e7\u00e3o, divulgada em jornal de Novo Progresso, supostamente por fazendeiros, para um \u201cdia do fogo\u201d, em que os produtores rurais incendiariam grandes \u00e1reas de floresta. O dia previsto para a manifesta\u00e7\u00e3o tamb\u00e9m seria 10 de agosto.<\/p>\n<p>Sat\u00e9lites do Instituto Nacional de Pesquisas Espaciais (Inpe) detectaram aumento significativo de queimadas no dia 10 de agosto, com o registro de 124 focos de inc\u00eandio, aumento de 300% em rela\u00e7\u00e3o ao dia anterior. No dia seguinte, foram registrados 203 focos. Em Altamira, os sat\u00e9lites detectaram 194 focos de queimada em 10 de agosto e 237 no dia seguinte, um aumento de 743% nas queimadas.<\/p>\n<p>Fonte: Ag\u00eancia Brasil<\/p>\n","protected":false},"excerpt":{"rendered":"<p>O ministro da Justi\u00e7a e Seguran\u00e7a P\u00fablica, Sergio Moro, afirmou nesse domingo (25), em uma postagem no Twitter, que a Pol\u00edcia Federal (PF) vai investigar integrantes de um grupo que teria planejado atear fogo a \u00e1reas de floresta entre os munic\u00edpios de Altamira e Novo Progresso, sudoeste do Par\u00e1, no \u00faltimo dia 10 de agosto, [&hellip;]<\/p>\n","protected":false},"author":96,"featured_media":142404,"comment_status":"closed","ping_status":"closed","sticky":false,"template":"","format":"standard","meta":{"footnotes":""},"categories":[436,254,439],"tags":[],"class_list":["post-146615","post","type-post","status-publish","format-standard","has-post-thumbnail","hentry","category-destaque-da-semana","category-politica","category-ultima-hora"],"_links":{"self":[{"href":"https:\/\/diarioregionaldigital.com.br\/index.php?rest_route=\/wp\/v2\/posts\/146615","targetHints":{"allow":["GET"]}}],"collection":[{"href":"https:\/\/diarioregionaldigital.com.br\/index.php?rest_route=\/wp\/v2\/posts"}],"about":[{"href":"https:\/\/diarioregionaldigital.com.br\/index.php?rest_route=\/wp\/v2\/types\/post"}],"author":[{"embeddable":true,"href":"https:\/\/diarioregionaldigital.com.br\/index.php?rest_route=\/wp\/v2\/users\/96"}],"replies":[{"embeddable":true,"href":"https:\/\/diarioregionaldigital.com.br\/index.php?rest_route=%2Fwp%2Fv2%2Fcomments&post=146615"}],"version-history":[{"count":0,"href":"https:\/\/diarioregionaldigital.com.br\/index.php?rest_route=\/wp\/v2\/posts\/146615\/revisions"}],"wp:featuredmedia":[{"embeddable":true,"href":"https:\/\/diarioregionaldigital.com.br\/index.php?rest_route=\/wp\/v2\/media\/142404"}],"wp:attachment":[{"href":"https:\/\/diarioregionaldigital.com.br\/index.php?rest_route=%2Fwp%2Fv2%2Fmedia&parent=146615"}],"wp:term":[{"taxonomy":"category","embeddable":true,"href":"https:\/\/diarioregionaldigital.com.br\/index.php?rest_route=%2Fwp%2Fv2%2Fcategories&post=146615"},{"taxonomy":"post_tag","embeddable":true,"href":"https:\/\/diarioregionaldigital.com.br\/index.php?rest_route=%2Fwp%2Fv2%2Ftags&post=146615"}],"curies":[{"name":"wp","href":"https:\/\/api.w.org\/{rel}","templated":true}]}}