{"id":146589,"date":"2019-08-25T06:00:45","date_gmt":"2019-08-25T09:00:45","guid":{"rendered":"https:\/\/diarioregionaldigital.com.br\/?p=146589"},"modified":"2019-08-24T00:53:24","modified_gmt":"2019-08-24T03:53:24","slug":"convocacao-assembleia-geral-25-08-19","status":"publish","type":"post","link":"https:\/\/diarioregionaldigital.com.br\/?p=146589","title":{"rendered":"Convoca\u00e7\u00e3o Assembleia Geral &#8211; 25\/08\/19"},"content":{"rendered":"<p style=\"text-align: center;\"><strong>EDITAL DE CONVOCA\u00c7\u00c3O<\/strong><\/p>\n<p style=\"text-align: center;\">ASSEMBLEIA GERAL EXTRAORDIN\u00c1RIA<\/p>\n<p style=\"text-align: center;\">CONDOM\u00cdNIO DO \u201cEDIF\u00cdCIO RESIDENCIAL NOVA S\u00c3O GERALDO\u201d<\/p>\n<p style=\"text-align: center;\">Ficam todas as cond\u00f4minas e todos os cond\u00f4minos do <strong>CONDOM\u00cdNIO \u201cEDIF\u00cdCIO RESIDENCIAL NOVA S\u00c3O GERALDO\u201d<\/strong> convocados para a Assembleia Geral Extraordin\u00e1ria, nos termos da Conven\u00e7\u00e3o e atendendo aos Artigos 1335, 1340 e 1355 do C\u00f3digo Civil Brasileiro, a realizar-se no hall do 1\u00ba andar da Torre I, no dia <strong><u>09\/09\/2019<\/u><\/strong> (segunda-feira) \u00e0s <u>19h45min<\/u> em 1\u00aa convoca\u00e7\u00e3o e \u00e0s <u>20h15min<\/u> em 2\u00aa convoca\u00e7\u00e3o (com quaisquer n\u00famero de presentes, conforme a Conven\u00e7\u00e3o e cumprindo o C\u00f3digo Civil Brasileiro) a fim de ser deliberada a seguinte Ordem do Dia:<\/p>\n<p style=\"text-align: center;\">1 \u2013 Delibera\u00e7\u00e3o sobre reforma geral (discuss\u00e3o de materiais e cores);<\/p>\n<p style=\"text-align: center;\">1.1\u2013 Delibera\u00e7\u00e3o de arrecada\u00e7\u00e3o extraordin\u00e1ria (fundo);<\/p>\n<p style=\"text-align: center;\">2 \u2013 Contrata\u00e7\u00e3o e negativa\u00e7\u00e3o de d\u00e9bitos perante ao \u201cSERASA\u201d e \u00f3rg\u00e3os similares;<\/p>\n<p style=\"text-align: center;\">Tendo em vista a relev\u00e2ncia dos assuntos a serem tratados, lembro da necessidade da participa\u00e7\u00e3o de todos titulares legalmente habilitados ou que se fa\u00e7am representar por procura\u00e7\u00e3o espec\u00edfica para essa assembleia, que possibilite o reconhecimento leg\u00edtimo e induvidoso do representante e do representado. Os cond\u00f4minos s\u00e3o respons\u00e1veis por seus acompanhantes no que tange termos um bom andamento da reuni\u00e3o. Esclare\u00e7o ainda, que as decis\u00f5es tomadas em assembleia impor-se-\u00e3o a todos, inclusive, aos ausentes.<\/p>\n<p style=\"text-align: center;\">Condom\u00ednio do \u201cEd. Residencial Nova S\u00e3o Geraldo\u201d<\/p>\n<p style=\"text-align: center;\">Marcos de Lima Schuchter<\/p>\n<p style=\"text-align: center;\">(S\u00edndico)<\/p>\n<p style=\"text-align: center;\"><em>(Original publicado no Di\u00e1rio Regional em 25\/08\/2019)<\/em><\/p>\n","protected":false},"excerpt":{"rendered":"<p>EDITAL DE CONVOCA\u00c7\u00c3O ASSEMBLEIA GERAL EXTRAORDIN\u00c1RIA CONDOM\u00cdNIO DO \u201cEDIF\u00cdCIO RESIDENCIAL NOVA S\u00c3O GERALDO\u201d Ficam todas as cond\u00f4minas e todos os cond\u00f4minos do CONDOM\u00cdNIO \u201cEDIF\u00cdCIO RESIDENCIAL NOVA S\u00c3O GERALDO\u201d convocados para a Assembleia Geral Extraordin\u00e1ria, nos termos da Conven\u00e7\u00e3o e atendendo aos Artigos 1335, 1340 e 1355 do C\u00f3digo Civil Brasileiro, a realizar-se no hall do [&hellip;]<\/p>\n","protected":false},"author":96,"featured_media":0,"comment_status":"closed","ping_status":"closed","sticky":false,"template":"","format":"standard","meta":{"footnotes":""},"categories":[307],"tags":[],"class_list":["post-146589","post","type-post","status-publish","format-standard","hentry","category-editais"],"_links":{"self":[{"href":"https:\/\/diarioregionaldigital.com.br\/index.php?rest_route=\/wp\/v2\/posts\/146589","targetHints":{"allow":["GET"]}}],"collection":[{"href":"https:\/\/diarioregionaldigital.com.br\/index.php?rest_route=\/wp\/v2\/posts"}],"about":[{"href":"https:\/\/diarioregionaldigital.com.br\/index.php?rest_route=\/wp\/v2\/types\/post"}],"author":[{"embeddable":true,"href":"https:\/\/diarioregionaldigital.com.br\/index.php?rest_route=\/wp\/v2\/users\/96"}],"replies":[{"embeddable":true,"href":"https:\/\/diarioregionaldigital.com.br\/index.php?rest_route=%2Fwp%2Fv2%2Fcomments&post=146589"}],"version-history":[{"count":0,"href":"https:\/\/diarioregionaldigital.com.br\/index.php?rest_route=\/wp\/v2\/posts\/146589\/revisions"}],"wp:attachment":[{"href":"https:\/\/diarioregionaldigital.com.br\/index.php?rest_route=%2Fwp%2Fv2%2Fmedia&parent=146589"}],"wp:term":[{"taxonomy":"category","embeddable":true,"href":"https:\/\/diarioregionaldigital.com.br\/index.php?rest_route=%2Fwp%2Fv2%2Fcategories&post=146589"},{"taxonomy":"post_tag","embeddable":true,"href":"https:\/\/diarioregionaldigital.com.br\/index.php?rest_route=%2Fwp%2Fv2%2Ftags&post=146589"}],"curies":[{"name":"wp","href":"https:\/\/api.w.org\/{rel}","templated":true}]}}