{"id":146441,"date":"2019-08-25T06:00:22","date_gmt":"2019-08-25T09:00:22","guid":{"rendered":"https:\/\/diarioregionaldigital.com.br\/?p=146441"},"modified":"2019-08-22T17:37:46","modified_gmt":"2019-08-22T20:37:46","slug":"presidente-do-banco-central-discute-politica-monetaria-na-terca-feira","status":"publish","type":"post","link":"https:\/\/diarioregionaldigital.com.br\/?p=146441","title":{"rendered":"Presidente do Banco Central discute pol\u00edtica monet\u00e1ria na ter\u00e7a-feira"},"content":{"rendered":"<p>O presidente do Banco Central, Roberto Campos Neto, comparece na ter\u00e7a-feira (27) \u00e0 Comiss\u00e3o de Assuntos Econ\u00f4micos (CAE) para falar sobre diretrizes, implementa\u00e7\u00e3o e perspectivas futuras da pol\u00edtica monet\u00e1ria. A audi\u00eancia p\u00fablica interativa tem in\u00edcio \u00e0s 10h, na sala 19 da ala Alexandre Costa.<\/p>\n<p>A iniciativa \u00e9 do senador Eduardo Braga (MDB-AM). O artigo 99 do Regimento Interno do Senado prev\u00ea que a comiss\u00e3o promover\u00e1 audi\u00eancias p\u00fablicas regulares com o presidente do Banco Central para discuss\u00e3o da pol\u00edtica monet\u00e1ria.<\/p>\n<p>O regimento estabelece ainda que as audi\u00eancias ocorrer\u00e3o na primeira quinzena de fevereiro, abril, julho e outubro, podendo haver altera\u00e7\u00f5es de datas decorrentes de entendimento entre a comiss\u00e3o e a presid\u00eancia do Banco Central, e ainda, em atendimento a requerimento de senador.<\/p>\n<p>Fonte: Ag\u00eancia Senado<\/p>\n","protected":false},"excerpt":{"rendered":"<p>O presidente do Banco Central, Roberto Campos Neto, comparece na ter\u00e7a-feira (27) \u00e0 Comiss\u00e3o de Assuntos Econ\u00f4micos (CAE) para falar sobre diretrizes, implementa\u00e7\u00e3o e perspectivas futuras da pol\u00edtica monet\u00e1ria. A audi\u00eancia p\u00fablica interativa tem in\u00edcio \u00e0s 10h, na sala 19 da ala Alexandre Costa. A iniciativa \u00e9 do senador Eduardo Braga (MDB-AM). O artigo 99 [&hellip;]<\/p>\n","protected":false},"author":96,"featured_media":146442,"comment_status":"closed","ping_status":"closed","sticky":false,"template":"","format":"standard","meta":{"footnotes":""},"categories":[436,254,439],"tags":[],"class_list":["post-146441","post","type-post","status-publish","format-standard","has-post-thumbnail","hentry","category-destaque-da-semana","category-politica","category-ultima-hora"],"_links":{"self":[{"href":"https:\/\/diarioregionaldigital.com.br\/index.php?rest_route=\/wp\/v2\/posts\/146441","targetHints":{"allow":["GET"]}}],"collection":[{"href":"https:\/\/diarioregionaldigital.com.br\/index.php?rest_route=\/wp\/v2\/posts"}],"about":[{"href":"https:\/\/diarioregionaldigital.com.br\/index.php?rest_route=\/wp\/v2\/types\/post"}],"author":[{"embeddable":true,"href":"https:\/\/diarioregionaldigital.com.br\/index.php?rest_route=\/wp\/v2\/users\/96"}],"replies":[{"embeddable":true,"href":"https:\/\/diarioregionaldigital.com.br\/index.php?rest_route=%2Fwp%2Fv2%2Fcomments&post=146441"}],"version-history":[{"count":0,"href":"https:\/\/diarioregionaldigital.com.br\/index.php?rest_route=\/wp\/v2\/posts\/146441\/revisions"}],"wp:featuredmedia":[{"embeddable":true,"href":"https:\/\/diarioregionaldigital.com.br\/index.php?rest_route=\/wp\/v2\/media\/146442"}],"wp:attachment":[{"href":"https:\/\/diarioregionaldigital.com.br\/index.php?rest_route=%2Fwp%2Fv2%2Fmedia&parent=146441"}],"wp:term":[{"taxonomy":"category","embeddable":true,"href":"https:\/\/diarioregionaldigital.com.br\/index.php?rest_route=%2Fwp%2Fv2%2Fcategories&post=146441"},{"taxonomy":"post_tag","embeddable":true,"href":"https:\/\/diarioregionaldigital.com.br\/index.php?rest_route=%2Fwp%2Fv2%2Ftags&post=146441"}],"curies":[{"name":"wp","href":"https:\/\/api.w.org\/{rel}","templated":true}]}}