{"id":146426,"date":"2019-08-25T06:00:41","date_gmt":"2019-08-25T09:00:41","guid":{"rendered":"https:\/\/diarioregionaldigital.com.br\/?p=146426"},"modified":"2019-08-22T16:33:49","modified_gmt":"2019-08-22T19:33:49","slug":"projeto-criminaliza-fuga-de-presidios-ou-locais-de-internacao","status":"publish","type":"post","link":"https:\/\/diarioregionaldigital.com.br\/?p=146426","title":{"rendered":"Projeto criminaliza fuga de pres\u00eddios ou locais de interna\u00e7\u00e3o"},"content":{"rendered":"<p>Fuga ou tentativa de fuga de pres\u00eddios ou\u00a0locais de interna\u00e7\u00e3o prisional podem se tornar crime. \u00c9 o que prop\u00f5e o projeto de lei (<a class=\"external-link\" href=\"http:\/\/www25.senado.leg.br\/web\/atividade\/materias\/-\/materia\/138201\">PL 4.578\/2019<\/a>),\u00a0em an\u00e1lise na Comiss\u00e3o de Constitui\u00e7\u00e3o e Justi\u00e7a (CCJ).<\/p>\n<p>O projeto de autoria do senador Styvenson Valentim (Podemos-RN) altera o C\u00f3digo Penal (<a class=\"external-link\" href=\"http:\/\/www.planalto.gov.br\/ccivil_03\/decreto-lei\/del2848.htm\">Decreto-Lei 2.848, de 1940<\/a>), tornando crime a evas\u00e3o ou tentativa de evas\u00e3o para preso ou indiv\u00edduo submetido a medida de seguran\u00e7a detentiva.<\/p>\n<p>A pena de deten\u00e7\u00e3o \u00e9 de um a seis meses, podendo ser estendida de um ter\u00e7o at\u00e9 metade se o autor agir de forma astuciosa. Se o crime for cometido com uso de viol\u00eancia a pena \u00e9 de tr\u00eas meses a um ano, al\u00e9m da pena correspondente \u00e0 viol\u00eancia.<\/p>\n<p>Na legisla\u00e7\u00e3o atual, a fuga ou tentativa de fuga n\u00e3o \u00e9 considerada crime, a n\u00e3o ser quando feita por meio de viol\u00eancia.<\/p>\n<p>O senador\u00a0 Styvenson justifica que, mesmo n\u00e3o se tratando de crime, esse comportamento possibilita a aplica\u00e7\u00e3o de uma s\u00e9rie de san\u00e7\u00f5es relacionadas \u00e0 execu\u00e7\u00e3o penal, considerando que se trata de falta grave.<\/p>\n<p>\u201cEssas san\u00e7\u00f5es n\u00e3o t\u00eam se mostrado suficientes para desestimular as fugas de presos, que v\u00eam se tornando cada vez mais audaciosas\u201d afirmou. Para o parlamentar, \u00e9 de grande import\u00e2ncia que a pena para essas a\u00e7\u00f5es seja mais dura.<\/p>\n<p>\u201c\u00c9 necess\u00e1rio aumentar a pena de evas\u00e3o, bem como da tentativa de evas\u00e3o. Nesse sentido, estamos propondo a criminaliza\u00e7\u00e3o de tais condutas, ainda que n\u00e3o haja viol\u00eancia contra a pessoa\u201d, explicou Styvenson.<\/p>\n<p>O projeto aguarda o voto do relator na CCJ,\u00a0senador Rodrigo Pacheco (DEM-MG).<\/p>\n<p>Fonte: Ag\u00eancia Senado<\/p>\n","protected":false},"excerpt":{"rendered":"<p>Fuga ou tentativa de fuga de pres\u00eddios ou\u00a0locais de interna\u00e7\u00e3o prisional podem se tornar crime. \u00c9 o que prop\u00f5e o projeto de lei (PL 4.578\/2019),\u00a0em an\u00e1lise na Comiss\u00e3o de Constitui\u00e7\u00e3o e Justi\u00e7a (CCJ). O projeto de autoria do senador Styvenson Valentim (Podemos-RN) altera o C\u00f3digo Penal (Decreto-Lei 2.848, de 1940), tornando crime a evas\u00e3o ou [&hellip;]<\/p>\n","protected":false},"author":96,"featured_media":146427,"comment_status":"closed","ping_status":"closed","sticky":false,"template":"","format":"standard","meta":{"footnotes":""},"categories":[436,254,439],"tags":[],"class_list":["post-146426","post","type-post","status-publish","format-standard","has-post-thumbnail","hentry","category-destaque-da-semana","category-politica","category-ultima-hora"],"_links":{"self":[{"href":"https:\/\/diarioregionaldigital.com.br\/index.php?rest_route=\/wp\/v2\/posts\/146426","targetHints":{"allow":["GET"]}}],"collection":[{"href":"https:\/\/diarioregionaldigital.com.br\/index.php?rest_route=\/wp\/v2\/posts"}],"about":[{"href":"https:\/\/diarioregionaldigital.com.br\/index.php?rest_route=\/wp\/v2\/types\/post"}],"author":[{"embeddable":true,"href":"https:\/\/diarioregionaldigital.com.br\/index.php?rest_route=\/wp\/v2\/users\/96"}],"replies":[{"embeddable":true,"href":"https:\/\/diarioregionaldigital.com.br\/index.php?rest_route=%2Fwp%2Fv2%2Fcomments&post=146426"}],"version-history":[{"count":0,"href":"https:\/\/diarioregionaldigital.com.br\/index.php?rest_route=\/wp\/v2\/posts\/146426\/revisions"}],"wp:featuredmedia":[{"embeddable":true,"href":"https:\/\/diarioregionaldigital.com.br\/index.php?rest_route=\/wp\/v2\/media\/146427"}],"wp:attachment":[{"href":"https:\/\/diarioregionaldigital.com.br\/index.php?rest_route=%2Fwp%2Fv2%2Fmedia&parent=146426"}],"wp:term":[{"taxonomy":"category","embeddable":true,"href":"https:\/\/diarioregionaldigital.com.br\/index.php?rest_route=%2Fwp%2Fv2%2Fcategories&post=146426"},{"taxonomy":"post_tag","embeddable":true,"href":"https:\/\/diarioregionaldigital.com.br\/index.php?rest_route=%2Fwp%2Fv2%2Ftags&post=146426"}],"curies":[{"name":"wp","href":"https:\/\/api.w.org\/{rel}","templated":true}]}}