{"id":146420,"date":"2019-08-25T06:00:10","date_gmt":"2019-08-25T09:00:10","guid":{"rendered":"https:\/\/diarioregionaldigital.com.br\/?p=146420"},"modified":"2019-08-22T15:37:36","modified_gmt":"2019-08-22T18:37:36","slug":"producao-da-industria-sobe-96-pontos-acima-da-media-historica","status":"publish","type":"post","link":"https:\/\/diarioregionaldigital.com.br\/?p=146420","title":{"rendered":"Produ\u00e7\u00e3o da ind\u00fastria sobe 9,6 pontos, acima da m\u00e9dia hist\u00f3rica"},"content":{"rendered":"<p>O \u00edndice de produ\u00e7\u00e3o da ind\u00fastria brasileira subiu 9,6 pontos em rela\u00e7\u00e3o a junho, alcan\u00e7ando 53 pontos em julho. O indicador est\u00e1 5 pontos acima da m\u00e9dia hist\u00f3rica e \u00e9 o maior desde outubro do ano passado. As informa\u00e7\u00f5es s\u00e3o da Sondagem Industrial, divulgada na quinta-feira (22) pela Confedera\u00e7\u00e3o Nacional da Ind\u00fastria (CNI).<\/p>\n<p>Mesmo assim, diz a CNI, o emprego no setor continua em queda. O \u00edndice de evolu\u00e7\u00e3o do n\u00famero de empregados ficou em 48,4 pontos em julho, abaixo da linha divis\u00f3ria dos 50 pontos. Os indicadores da pesquisa variam de zero a 100 pontos. Quando est\u00e3o acima dos 50 pontos indicam aumento da produ\u00e7\u00e3o e do emprego.<\/p>\n<p>Segundo a CNI, o aumento da produ\u00e7\u00e3o foi acompanhado pelo crescimento da utiliza\u00e7\u00e3o da capacidade instalada, que subiu 2 pontos percentuais em rela\u00e7\u00e3o a junho e ficou 68% em julho. A utiliza\u00e7\u00e3o da capacidade instalada foi maior nas grandes empresas, segmento em que alcan\u00e7ou 72%. Nas m\u00e9dias, foi de 67% e, nas pequenas, de 61%. No entanto, a ind\u00fastria continua acumulando estoques. O \u00edndice de estoques efetivos em rela\u00e7\u00e3o ao planejado aumentou para 52,8 pontos. \u201c\u00c9 o maior valor desde maio de 2018, quando ocorreu a paralisa\u00e7\u00e3o dos transportes\u201d, diz a Sondagem Industrial.<\/p>\n<h2>Perspectivas<\/h2>\n<p>De acordo com a CNI, os empres\u00e1rios se mostram mais dispostos a fazer investimentos nos pr\u00f3ximos seis meses. O \u00edndice de inten\u00e7\u00e3o de investimentos aumentou 1,7 ponto na compara\u00e7\u00e3o com julho e ficou em 54,1 pontos em agosto, 4,9 pontos superior \u00e0 m\u00e9dia hist\u00f3rica. As grandes empresas s\u00e3o as que est\u00e3o mais propensas a fazer investimentos nos pr\u00f3ximos seis meses. Nesse segmento, o indicador de inten\u00e7\u00e3o de investimento \u00e9 de 61,1 pontos, superior \u00e0 m\u00e9dia brasileira.<\/p>\n<p>Al\u00e9m disso, os empres\u00e1rios mant\u00eam o otimismo, acrescenta a CNI. Os indicadores de expectativas continuam acima dos 50 pontos, mostrando que os industriais esperam o crescimento da demanda, das compras de mat\u00e9rias-primas, do emprego e das exporta\u00e7\u00f5es nos pr\u00f3ximos seis meses.<\/p>\n<p>Esta edi\u00e7\u00e3o da Sondagem Industrial foi feita entre 1\u00ba e 13 de agosto com 1.957 empresas. Dessas, 776 s\u00e3o pequenas, 704 s\u00e3o m\u00e9dias e 477 s\u00e3o de grande porte.<\/p>\n<p>Fonte: Ag\u00eancia Brasil<\/p>\n","protected":false},"excerpt":{"rendered":"<p>O \u00edndice de produ\u00e7\u00e3o da ind\u00fastria brasileira subiu 9,6 pontos em rela\u00e7\u00e3o a junho, alcan\u00e7ando 53 pontos em julho. O indicador est\u00e1 5 pontos acima da m\u00e9dia hist\u00f3rica e \u00e9 o maior desde outubro do ano passado. As informa\u00e7\u00f5es s\u00e3o da Sondagem Industrial, divulgada na quinta-feira (22) pela Confedera\u00e7\u00e3o Nacional da Ind\u00fastria (CNI). Mesmo assim, [&hellip;]<\/p>\n","protected":false},"author":96,"featured_media":146421,"comment_status":"closed","ping_status":"closed","sticky":false,"template":"","format":"standard","meta":{"footnotes":""},"categories":[436,261,439],"tags":[],"class_list":["post-146420","post","type-post","status-publish","format-standard","has-post-thumbnail","hentry","category-destaque-da-semana","category-economia","category-ultima-hora"],"_links":{"self":[{"href":"https:\/\/diarioregionaldigital.com.br\/index.php?rest_route=\/wp\/v2\/posts\/146420","targetHints":{"allow":["GET"]}}],"collection":[{"href":"https:\/\/diarioregionaldigital.com.br\/index.php?rest_route=\/wp\/v2\/posts"}],"about":[{"href":"https:\/\/diarioregionaldigital.com.br\/index.php?rest_route=\/wp\/v2\/types\/post"}],"author":[{"embeddable":true,"href":"https:\/\/diarioregionaldigital.com.br\/index.php?rest_route=\/wp\/v2\/users\/96"}],"replies":[{"embeddable":true,"href":"https:\/\/diarioregionaldigital.com.br\/index.php?rest_route=%2Fwp%2Fv2%2Fcomments&post=146420"}],"version-history":[{"count":0,"href":"https:\/\/diarioregionaldigital.com.br\/index.php?rest_route=\/wp\/v2\/posts\/146420\/revisions"}],"wp:featuredmedia":[{"embeddable":true,"href":"https:\/\/diarioregionaldigital.com.br\/index.php?rest_route=\/wp\/v2\/media\/146421"}],"wp:attachment":[{"href":"https:\/\/diarioregionaldigital.com.br\/index.php?rest_route=%2Fwp%2Fv2%2Fmedia&parent=146420"}],"wp:term":[{"taxonomy":"category","embeddable":true,"href":"https:\/\/diarioregionaldigital.com.br\/index.php?rest_route=%2Fwp%2Fv2%2Fcategories&post=146420"},{"taxonomy":"post_tag","embeddable":true,"href":"https:\/\/diarioregionaldigital.com.br\/index.php?rest_route=%2Fwp%2Fv2%2Ftags&post=146420"}],"curies":[{"name":"wp","href":"https:\/\/api.w.org\/{rel}","templated":true}]}}