{"id":146419,"date":"2019-08-25T06:00:07","date_gmt":"2019-08-25T09:00:07","guid":{"rendered":"https:\/\/diarioregionaldigital.com.br\/?p=146419"},"modified":"2019-08-22T15:36:18","modified_gmt":"2019-08-22T18:36:18","slug":"previa-da-inflacao-de-agosto-desacelera-e-fica-em-008","status":"publish","type":"post","link":"https:\/\/diarioregionaldigital.com.br\/?p=146419","title":{"rendered":"Pr\u00e9via da infla\u00e7\u00e3o de agosto desacelera e fica em 0,08%"},"content":{"rendered":"<p>O \u00cdndice Nacional de Pre\u00e7os ao Consumidor Amplo 15 (IPCA-15), considerado uma pr\u00e9via da infla\u00e7\u00e3o, variou 0,08% em agosto, taxa muito pr\u00f3xima ao 0,09% registrado em julho. No acumulado do ano, o IPCA-15 tem alta de 2,51% e no acumulado de 12 meses a varia\u00e7\u00e3o \u00e9 3,22%, um pouco abaixo dos 3,27% do acumulado nos 12 meses fechados em julho.<\/p>\n<p>Em agosto do ano passado a taxa foi 0,13%. Os dados foram divulgados na \u00faltima quinta-feira (22) pelo Instituto Brasileiro de Geografia e Estat\u00edstica (IBGE).<\/p>\n<p>Dos nove grupos pesquisados, quatro apresentaram defla\u00e7\u00e3o. Transportes (-0,78%) segue a tend\u00eancia de queda verificada em julho (-0,44%), assim como Vestu\u00e1rio, com -0,07% depois de -0,19% no m\u00eas anterior.\u00a0 Alimenta\u00e7\u00e3o e bebidas (-0,17%) e sa\u00fade e cuidados pessoais (-0,32%) tiveram queda em agosto, ap\u00f3s registrarem altas de 0,03% e 0,34%, respectivamente.<\/p>\n<p>O destaque das altas foi o grupo habita\u00e7\u00e3o, com varia\u00e7\u00e3o de 1,42%. Artigos de resid\u00eancia subiram 0,82%, comunica\u00e7\u00e3o teve alta de 0,44%, despesas pessoais ficaram 0,27% mais caros e o grupo educa\u00e7\u00e3o teve aumento de 0,07%.<\/p>\n<p>No grupo transportes, o maior impacto foi o pre\u00e7o da gasolina, que caiu 1,88%. O etanol registrou -1,09%, o \u00f3leo diesel -1,70% e o g\u00e1s veicular -0,07%. J\u00e1 as passagens a\u00e9reas apresentaram queda de 15,57%, ap\u00f3s as altas de 18,98% em junho e de 18,10% em julho.<\/p>\n<p>O resultado do grupo habita\u00e7\u00e3o foi influenciado pelo pre\u00e7o da energia el\u00e9trica, que subiu 4,91% em agosto, o s\u00e9timo m\u00eas seguido de alta, com entrada em vigor da bandeira vermelha, ap\u00f3s a bandeira amarela em julho. S\u00e3o Paulo teve a maior alta no item, com 7,51%. O item g\u00e1s de botij\u00e3o teve queda de 0,42%, ap\u00f3s a redu\u00e7\u00e3o de 8,17% nas refinarias a partir de 5 de agosto.<\/p>\n<p>A alimenta\u00e7\u00e3o no domic\u00edlio teve queda de 0,45%, influenciada pelo pre\u00e7o do tomate, que caiu 14,79%, da batata-inglesa (-15,09%), das hortali\u00e7as e verduras (-6,26%) e do feij\u00e3o-carioca (-5,61%). As frutas subiram 2,87% e a cebola teve aumento de 15,21%.<\/p>\n<p>Por regi\u00e3o, seis das 11 cidades pesquisadas tiveram defla\u00e7\u00e3o de julho para agosto. O menor \u00edndice foi registrado em Goi\u00e2nia, com queda de -0,29% no m\u00eas, reflexo da queda de 5,63% na gasolina no munic\u00edpio. O maior \u00edndice de agosto foi na regi\u00e3o metropolitana de S\u00e3o Paulo, com infla\u00e7\u00e3o de 0,31%, influenciado pela alta na energia el\u00e9trica.<\/p>\n<p>O IPCA-15 integra o Sistema Nacional de \u00cdndices de Pre\u00e7os ao Consumidor (SNIPC), que produz \u00edndices a partir da coleta de dados em estabelecimentos comerciais e de presta\u00e7\u00e3o de servi\u00e7os. A diferen\u00e7a para o \u00cdndice Nacional de Pre\u00e7os ao Consumidor Amplo (IPCA) \u00e9 o per\u00edodo de coleta, que vai de meados do m\u00eas anterior a meados do m\u00eas de refer\u00eancia, e a abrang\u00eancia geogr\u00e1fica. A coleta de dados para a aferi\u00e7\u00e3o do IPCA-15 de agosto foi feita entre os dias 13 de julho e 13de agosto.<\/p>\n<p>A popula\u00e7\u00e3o-objetivo do IPCA-15 abrange as fam\u00edlias com rendimentos de 1 a 40 sal\u00e1rios m\u00ednimos, residentes nas regi\u00f5es metropolitanas de Bel\u00e9m, Fortaleza, Recife, Salvador, Belo Horizonte, Rio de Janeiro, S\u00e3o Paulo, Curitiba e Porto Alegre, no Distrito Federal e no munic\u00edpio de Goi\u00e2nia.<\/p>\n<p>Fonte: Ag\u00eancia Brasil<\/p>\n","protected":false},"excerpt":{"rendered":"<p>O \u00cdndice Nacional de Pre\u00e7os ao Consumidor Amplo 15 (IPCA-15), considerado uma pr\u00e9via da infla\u00e7\u00e3o, variou 0,08% em agosto, taxa muito pr\u00f3xima ao 0,09% registrado em julho. No acumulado do ano, o IPCA-15 tem alta de 2,51% e no acumulado de 12 meses a varia\u00e7\u00e3o \u00e9 3,22%, um pouco abaixo dos 3,27% do acumulado nos [&hellip;]<\/p>\n","protected":false},"author":96,"featured_media":146422,"comment_status":"closed","ping_status":"closed","sticky":false,"template":"","format":"standard","meta":{"footnotes":""},"categories":[436,261,439],"tags":[],"class_list":["post-146419","post","type-post","status-publish","format-standard","has-post-thumbnail","hentry","category-destaque-da-semana","category-economia","category-ultima-hora"],"_links":{"self":[{"href":"https:\/\/diarioregionaldigital.com.br\/index.php?rest_route=\/wp\/v2\/posts\/146419","targetHints":{"allow":["GET"]}}],"collection":[{"href":"https:\/\/diarioregionaldigital.com.br\/index.php?rest_route=\/wp\/v2\/posts"}],"about":[{"href":"https:\/\/diarioregionaldigital.com.br\/index.php?rest_route=\/wp\/v2\/types\/post"}],"author":[{"embeddable":true,"href":"https:\/\/diarioregionaldigital.com.br\/index.php?rest_route=\/wp\/v2\/users\/96"}],"replies":[{"embeddable":true,"href":"https:\/\/diarioregionaldigital.com.br\/index.php?rest_route=%2Fwp%2Fv2%2Fcomments&post=146419"}],"version-history":[{"count":0,"href":"https:\/\/diarioregionaldigital.com.br\/index.php?rest_route=\/wp\/v2\/posts\/146419\/revisions"}],"wp:featuredmedia":[{"embeddable":true,"href":"https:\/\/diarioregionaldigital.com.br\/index.php?rest_route=\/wp\/v2\/media\/146422"}],"wp:attachment":[{"href":"https:\/\/diarioregionaldigital.com.br\/index.php?rest_route=%2Fwp%2Fv2%2Fmedia&parent=146419"}],"wp:term":[{"taxonomy":"category","embeddable":true,"href":"https:\/\/diarioregionaldigital.com.br\/index.php?rest_route=%2Fwp%2Fv2%2Fcategories&post=146419"},{"taxonomy":"post_tag","embeddable":true,"href":"https:\/\/diarioregionaldigital.com.br\/index.php?rest_route=%2Fwp%2Fv2%2Ftags&post=146419"}],"curies":[{"name":"wp","href":"https:\/\/api.w.org\/{rel}","templated":true}]}}