{"id":146261,"date":"2019-08-20T15:03:20","date_gmt":"2019-08-20T18:03:20","guid":{"rendered":"https:\/\/diarioregionaldigital.com.br\/?p=146261"},"modified":"2019-08-20T15:03:20","modified_gmt":"2019-08-20T18:03:20","slug":"cvm-abre-inquerito-sobre-rompimento-da-barragem-em-brumadinho","status":"publish","type":"post","link":"https:\/\/diarioregionaldigital.com.br\/?p=146261","title":{"rendered":"CVM abre inqu\u00e9rito sobre rompimento da barragem em Brumadinho"},"content":{"rendered":"<p>A Comiss\u00e3o de Valores Mobili\u00e1rios (CVM) informou nesta segunda-feira (19) que abriu inqu\u00e9rito administrativo para apurar a responsabilidade dos administradores da Vale sobre poss\u00edvel inobserv\u00e2ncia de deveres fiduci\u00e1rios, no epis\u00f3dio envolvendo o rompimento da barragem do C\u00f3rrego do Feij\u00e3o, em Brumadinho (MG). O rompimento da barragem, no dia 25 de janeiro, deixou, at\u00e9 o momento, 248 pessoas mortas e 22 desaparecidas.<\/p>\n<p>Na nota a CVM afirma que a investiga\u00e7\u00e3o \u00e9 sobre deveres dos executivos em rela\u00e7\u00e3o a acionistas e investidores. &#8220;Por oportuno, cabe esclarecer que a dilig\u00eancia de administradores ora apurada pela CVM diz respeito aos seus deveres fiduci\u00e1rios em rela\u00e7\u00e3o \u00e0 companhia de que se trata, seus acionistas e investidores efetivos ou potenciais&#8221;, informou a CVM.<\/p>\n<p>O inqu\u00e9rito \u00e9 o desdobramento de um\u00a0processo aberto pela CVM, no dia 28 de janeiro, logo ap\u00f3s o rompimento da barragem.\u00a0 O procedimento apurou eventual responsabilidade de administradores da companhia em raz\u00e3o dos fatos relacionados ao rompimento de barragem em Brumadinho.<\/p>\n<p>A comiss\u00e3o tamb\u00e9m deixou claro que a investiga\u00e7\u00e3o aberta n\u00e3o diz respeito a responsabilidade da Vale envolvendo a atua\u00e7\u00e3o da empresa sobre quest\u00f5es relativas \u00e0 legisla\u00e7\u00e3o ambiental, &#8220;as quais v\u00eam sendo objeto de atua\u00e7\u00e3o das institui\u00e7\u00f5es competentes&#8221;, disse.<\/p>\n<p>Em nota, a Vale disse que tomou conhecimento da abertura do inqu\u00e9rito e que manter\u00e1 uma postura transparente e colaborativa. &#8220;A Vale tomou conhecimento sobre a abertura do inqu\u00e9rito. Permanecemos \u00e0 disposi\u00e7\u00e3o e manteremos a postura transparente e colaborativa&#8221;, diz a nota<\/p>\n<p>Fonte: Ag\u00eancia Brasil<\/p>\n","protected":false},"excerpt":{"rendered":"<p>A Comiss\u00e3o de Valores Mobili\u00e1rios (CVM) informou nesta segunda-feira (19) que abriu inqu\u00e9rito administrativo para apurar a responsabilidade dos administradores da Vale sobre poss\u00edvel inobserv\u00e2ncia de deveres fiduci\u00e1rios, no epis\u00f3dio envolvendo o rompimento da barragem do C\u00f3rrego do Feij\u00e3o, em Brumadinho (MG). O rompimento da barragem, no dia 25 de janeiro, deixou, at\u00e9 o momento, [&hellip;]<\/p>\n","protected":false},"author":96,"featured_media":146262,"comment_status":"closed","ping_status":"closed","sticky":false,"template":"","format":"standard","meta":{"footnotes":""},"categories":[436,254,439],"tags":[],"class_list":["post-146261","post","type-post","status-publish","format-standard","has-post-thumbnail","hentry","category-destaque-da-semana","category-politica","category-ultima-hora"],"_links":{"self":[{"href":"https:\/\/diarioregionaldigital.com.br\/index.php?rest_route=\/wp\/v2\/posts\/146261","targetHints":{"allow":["GET"]}}],"collection":[{"href":"https:\/\/diarioregionaldigital.com.br\/index.php?rest_route=\/wp\/v2\/posts"}],"about":[{"href":"https:\/\/diarioregionaldigital.com.br\/index.php?rest_route=\/wp\/v2\/types\/post"}],"author":[{"embeddable":true,"href":"https:\/\/diarioregionaldigital.com.br\/index.php?rest_route=\/wp\/v2\/users\/96"}],"replies":[{"embeddable":true,"href":"https:\/\/diarioregionaldigital.com.br\/index.php?rest_route=%2Fwp%2Fv2%2Fcomments&post=146261"}],"version-history":[{"count":0,"href":"https:\/\/diarioregionaldigital.com.br\/index.php?rest_route=\/wp\/v2\/posts\/146261\/revisions"}],"wp:featuredmedia":[{"embeddable":true,"href":"https:\/\/diarioregionaldigital.com.br\/index.php?rest_route=\/wp\/v2\/media\/146262"}],"wp:attachment":[{"href":"https:\/\/diarioregionaldigital.com.br\/index.php?rest_route=%2Fwp%2Fv2%2Fmedia&parent=146261"}],"wp:term":[{"taxonomy":"category","embeddable":true,"href":"https:\/\/diarioregionaldigital.com.br\/index.php?rest_route=%2Fwp%2Fv2%2Fcategories&post=146261"},{"taxonomy":"post_tag","embeddable":true,"href":"https:\/\/diarioregionaldigital.com.br\/index.php?rest_route=%2Fwp%2Fv2%2Ftags&post=146261"}],"curies":[{"name":"wp","href":"https:\/\/api.w.org\/{rel}","templated":true}]}}