{"id":146256,"date":"2019-08-20T14:55:41","date_gmt":"2019-08-20T17:55:41","guid":{"rendered":"https:\/\/diarioregionaldigital.com.br\/?p=146256"},"modified":"2019-08-20T14:55:41","modified_gmt":"2019-08-20T17:55:41","slug":"indice-de-confianca-do-empresario-sobe-pelo-3o-mes-seguido","status":"publish","type":"post","link":"https:\/\/diarioregionaldigital.com.br\/?p=146256","title":{"rendered":"\u00cdndice de confian\u00e7a do empres\u00e1rio sobe pelo 3\u00ba m\u00eas seguido"},"content":{"rendered":"<p>O \u00cdndice de Confian\u00e7a do Empres\u00e1rio Industrial (Icei) voltou a subir e chegou a 59,4 pontos em agosto. \u00c9 o terceiro aumento seguido do indicador, que est\u00e1 acima da m\u00e9dia hist\u00f3rica de 54,5 pontos. \u201cA confian\u00e7a segue elevada\u201d, constata pesquisa divulgada nesta ter\u00e7a-feira (20) pela Confedera\u00e7\u00e3o Nacional da Ind\u00fastria (CNI).<\/p>\n<p>De acordo com a CNI, os indicadores do levantamento variam de zero a 100 pontos. Quando est\u00e3o acima dos 50 pontos mostram que os empres\u00e1rios est\u00e3o confiantes. De acordo com a pesquisa, a confian\u00e7a melhorou para todos os portes de empresas. Nas m\u00e9dias e sobretudo nas grandes empresas, est\u00e1 acima da m\u00e9dia nacional.<\/p>\n<p>Nas grandes empresas, o Icei registrou 59,7 pontos este m\u00eas. Nas m\u00e9dias ind\u00fastrias, ficou em 59,5 pontos e, nas pequenas, em 58,8 pontos. O levantamento indicou ainda que o \u00edndice \u00e9 maior na ind\u00fastria extrativa, segmento em que alcan\u00e7ou 62,8 pontos. Na ind\u00fastria de transforma\u00e7\u00e3o ficou em 59,5 pontos e, na constru\u00e7\u00e3o, em 58,5 pontos.<\/p>\n<p>\u201cO aumento do otimismo neste m\u00eas \u00e9 resultado da melhora da percep\u00e7\u00e3o das condi\u00e7\u00f5es atuais dos neg\u00f3cios e do aumento do otimismo sobre o desempenho das empresas e da economia nos pr\u00f3ximos seis meses\u201d, diz a CNI.<\/p>\n<p>Para o economista da CNI Marcelo Azevedo, a melhora da percep\u00e7\u00e3o de das expectativas dos empres\u00e1rios refletem as not\u00edcias positivas para a economia. \u201cH\u00e1 uma sequ\u00eancia de boas not\u00edcias: a queda dos juros, a libera\u00e7\u00e3o do Fundo de Garantia do Tempo de Servi\u00e7o (FGTS) e a aprova\u00e7\u00e3o em segundo turno da reforma da Previd\u00eancia\u201d, disse.<\/p>\n<p>A pesquisa mostra que a confian\u00e7a \u00e9 maior na Regi\u00e3o Norte, onde subiu 4,0 pontos e atingiu 61,7 pontos. No Nordeste, o \u00edndice ficou em 59,6 pontos, no Sudeste, em 58,5 pontos, no Sul, 54,9 pontos e, no Centro-Oeste, em 59,2 pontos.<\/p>\n<p>A pesquisa foi realizada entre 1\u00ba e 13 de agosto, com 2.451 empresas, sendo 945 pequenas, 917 m\u00e9dias e 589 de grande porte.<\/p>\n<p>Fonte: Ag\u00eancia Brasil<\/p>\n","protected":false},"excerpt":{"rendered":"<p>O \u00cdndice de Confian\u00e7a do Empres\u00e1rio Industrial (Icei) voltou a subir e chegou a 59,4 pontos em agosto. \u00c9 o terceiro aumento seguido do indicador, que est\u00e1 acima da m\u00e9dia hist\u00f3rica de 54,5 pontos. \u201cA confian\u00e7a segue elevada\u201d, constata pesquisa divulgada nesta ter\u00e7a-feira (20) pela Confedera\u00e7\u00e3o Nacional da Ind\u00fastria (CNI). De acordo com a CNI, [&hellip;]<\/p>\n","protected":false},"author":96,"featured_media":105072,"comment_status":"closed","ping_status":"closed","sticky":false,"template":"","format":"standard","meta":{"footnotes":""},"categories":[436,261,439],"tags":[],"class_list":["post-146256","post","type-post","status-publish","format-standard","has-post-thumbnail","hentry","category-destaque-da-semana","category-economia","category-ultima-hora"],"_links":{"self":[{"href":"https:\/\/diarioregionaldigital.com.br\/index.php?rest_route=\/wp\/v2\/posts\/146256","targetHints":{"allow":["GET"]}}],"collection":[{"href":"https:\/\/diarioregionaldigital.com.br\/index.php?rest_route=\/wp\/v2\/posts"}],"about":[{"href":"https:\/\/diarioregionaldigital.com.br\/index.php?rest_route=\/wp\/v2\/types\/post"}],"author":[{"embeddable":true,"href":"https:\/\/diarioregionaldigital.com.br\/index.php?rest_route=\/wp\/v2\/users\/96"}],"replies":[{"embeddable":true,"href":"https:\/\/diarioregionaldigital.com.br\/index.php?rest_route=%2Fwp%2Fv2%2Fcomments&post=146256"}],"version-history":[{"count":0,"href":"https:\/\/diarioregionaldigital.com.br\/index.php?rest_route=\/wp\/v2\/posts\/146256\/revisions"}],"wp:featuredmedia":[{"embeddable":true,"href":"https:\/\/diarioregionaldigital.com.br\/index.php?rest_route=\/wp\/v2\/media\/105072"}],"wp:attachment":[{"href":"https:\/\/diarioregionaldigital.com.br\/index.php?rest_route=%2Fwp%2Fv2%2Fmedia&parent=146256"}],"wp:term":[{"taxonomy":"category","embeddable":true,"href":"https:\/\/diarioregionaldigital.com.br\/index.php?rest_route=%2Fwp%2Fv2%2Fcategories&post=146256"},{"taxonomy":"post_tag","embeddable":true,"href":"https:\/\/diarioregionaldigital.com.br\/index.php?rest_route=%2Fwp%2Fv2%2Ftags&post=146256"}],"curies":[{"name":"wp","href":"https:\/\/api.w.org\/{rel}","templated":true}]}}