{"id":146250,"date":"2019-08-20T14:37:23","date_gmt":"2019-08-20T17:37:23","guid":{"rendered":"https:\/\/diarioregionaldigital.com.br\/?p=146250"},"modified":"2019-08-20T14:37:23","modified_gmt":"2019-08-20T17:37:23","slug":"ccj-do-senado-inicia-debates-sobre-reforma-da-previdencia","status":"publish","type":"post","link":"https:\/\/diarioregionaldigital.com.br\/?p=146250","title":{"rendered":"CCJ do Senado inicia debates sobre reforma da Previd\u00eancia"},"content":{"rendered":"<p>A Comiss\u00e3o de Constitui\u00e7\u00e3o, Justi\u00e7a e Cidadania do Senado iniciou, hoje (20), as audi\u00eancias p\u00fablicas para debater a proposta de reforma da Previd\u00eancia.<\/p>\n<p>Nesta semana, est\u00e3o programados seis eventos ao longo de tr\u00eas dias, reunindo 46 convidados e atendendo a pedidos de oito senadores. Nesta ter\u00e7a-feira (20), a comiss\u00e3o recebe o secret\u00e1rio especial de Trabalho e Previd\u00eancia do Minist\u00e9rio da Economia, Rog\u00e9rio Marinho; o presidente do Comit\u00ea dos Secret\u00e1rios de Fazenda dos Estados e do Distrito Federal (Comsefaz), Rafael Fonteles; e o ex-ministro da Fazenda Nelson Barbosa.<\/p>\n<p>Ainda hoje, \u00e0s 14h, comparecer\u00e1 o secret\u00e1rio de Previd\u00eancia do Minist\u00e9rio da Economia, Leonardo Rolim, al\u00e9m de representantes de \u00f3rg\u00e3os de seguran\u00e7a p\u00fablica.<\/p>\n<p>\u201cHoje o sistema \u00e9 injusto, porque poucos ganham muito e muitos ganham pouco, e ele \u00e9 insustent\u00e1vel ao longo do tempo\u201d, disse Marinho, no in\u00edcio de sua fala na comiss\u00e3o.<\/p>\n<p>No \u00faltimo dia 7, a\u00a0C\u00e2mara dos Deputados concluiu a vota\u00e7\u00e3o da reforma\u00a0e o texto seguiu para o Senado.<\/p>\n<div><\/div>\n<div><\/div>\n<p>Fonte: Ag\u00eancia Senado<\/p>\n","protected":false},"excerpt":{"rendered":"<p>A Comiss\u00e3o de Constitui\u00e7\u00e3o, Justi\u00e7a e Cidadania do Senado iniciou, hoje (20), as audi\u00eancias p\u00fablicas para debater a proposta de reforma da Previd\u00eancia. Nesta semana, est\u00e3o programados seis eventos ao longo de tr\u00eas dias, reunindo 46 convidados e atendendo a pedidos de oito senadores. Nesta ter\u00e7a-feira (20), a comiss\u00e3o recebe o secret\u00e1rio especial de Trabalho [&hellip;]<\/p>\n","protected":false},"author":96,"featured_media":146251,"comment_status":"closed","ping_status":"closed","sticky":false,"template":"","format":"standard","meta":{"footnotes":""},"categories":[436,254,439],"tags":[],"class_list":["post-146250","post","type-post","status-publish","format-standard","has-post-thumbnail","hentry","category-destaque-da-semana","category-politica","category-ultima-hora"],"_links":{"self":[{"href":"https:\/\/diarioregionaldigital.com.br\/index.php?rest_route=\/wp\/v2\/posts\/146250","targetHints":{"allow":["GET"]}}],"collection":[{"href":"https:\/\/diarioregionaldigital.com.br\/index.php?rest_route=\/wp\/v2\/posts"}],"about":[{"href":"https:\/\/diarioregionaldigital.com.br\/index.php?rest_route=\/wp\/v2\/types\/post"}],"author":[{"embeddable":true,"href":"https:\/\/diarioregionaldigital.com.br\/index.php?rest_route=\/wp\/v2\/users\/96"}],"replies":[{"embeddable":true,"href":"https:\/\/diarioregionaldigital.com.br\/index.php?rest_route=%2Fwp%2Fv2%2Fcomments&post=146250"}],"version-history":[{"count":0,"href":"https:\/\/diarioregionaldigital.com.br\/index.php?rest_route=\/wp\/v2\/posts\/146250\/revisions"}],"wp:featuredmedia":[{"embeddable":true,"href":"https:\/\/diarioregionaldigital.com.br\/index.php?rest_route=\/wp\/v2\/media\/146251"}],"wp:attachment":[{"href":"https:\/\/diarioregionaldigital.com.br\/index.php?rest_route=%2Fwp%2Fv2%2Fmedia&parent=146250"}],"wp:term":[{"taxonomy":"category","embeddable":true,"href":"https:\/\/diarioregionaldigital.com.br\/index.php?rest_route=%2Fwp%2Fv2%2Fcategories&post=146250"},{"taxonomy":"post_tag","embeddable":true,"href":"https:\/\/diarioregionaldigital.com.br\/index.php?rest_route=%2Fwp%2Fv2%2Ftags&post=146250"}],"curies":[{"name":"wp","href":"https:\/\/api.w.org\/{rel}","templated":true}]}}