{"id":146238,"date":"2019-08-20T06:00:13","date_gmt":"2019-08-20T09:00:13","guid":{"rendered":"https:\/\/diarioregionaldigital.com.br\/?p=146238"},"modified":"2019-08-19T18:44:33","modified_gmt":"2019-08-19T21:44:33","slug":"prefeitura-municipal-de-tocantins-licitacao-no-070-20-08-19","status":"publish","type":"post","link":"https:\/\/diarioregionaldigital.com.br\/?p=146238","title":{"rendered":"Prefeitura Municipal de Tocantins &#8211; Licita\u00e7\u00e3o n\u00ba 070 &#8211; 20\/08\/19"},"content":{"rendered":"<p style=\"text-align: center;\"><strong>PREFEITURA MUNICIPAL DE TOCANTINS\/MG<\/strong><\/p>\n<p style=\"text-align: center;\"><strong>AVISO DE LICITA\u00c7\u00c3O<\/strong><\/p>\n<p style=\"text-align: center;\"><strong>Processo Licita\u00e7\u00e3o n\u00b0070\/2019<\/strong><\/p>\n<p style=\"text-align: center;\"><strong>Modalidade de Preg\u00e3o Presencial n\u00b0057\/2019<\/strong><\/p>\n<p style=\"text-align: center;\">O Munic\u00edpio de TOCANTINS-MG, na forma da lei, faz saber a todos os interessados que far\u00e1 licita\u00e7\u00e3o PREG\u00c3O PRESENCIAL na modalidade de REGISTRO DE PRE\u00c7OS, tendo como objeto CONTRATA\u00c7\u00c3O DE EMPRESA ESPECIALIZADA PARA PRESTA\u00c7\u00c3O DE SERVI\u00c7OS GR\u00c1FICOS a fim de \u00a0atender as necessidades das Secretarias do Munic\u00edpio de Tocantins\/MG, cuja\u00a0<strong>sess\u00e3o p\u00fablica se dar\u00e1 no dia 02\/09\/2019 as 08:00 horas\u00a0<\/strong>na sala da comiss\u00e3o de licita\u00e7\u00e3o, localizada na Av. Padre Mac\u00e1rio, n\u00b0 129, bairro Centro, Munic\u00edpio de TOCANTINS\/MG. O edital completo encontra-se a disposi\u00e7\u00e3o dos interessados no endere\u00e7o citado anteriormente, no hor\u00e1rio de expediente de 08:00 as 11:00 horas e das 13:00 as 16:00 horas. TOCANTINS, 19 de agosto de 2019.<\/p>\n<p style=\"text-align: center;\">_________________________________________<\/p>\n<p style=\"text-align: center;\"><strong>Luiz Fernando Barbosa da Silva<\/strong><\/p>\n<p style=\"text-align: center;\"><strong>\u00a0Pregoeiro<\/strong><\/p>\n","protected":false},"excerpt":{"rendered":"<p>PREFEITURA MUNICIPAL DE TOCANTINS\/MG AVISO DE LICITA\u00c7\u00c3O Processo Licita\u00e7\u00e3o n\u00b0070\/2019 Modalidade de Preg\u00e3o Presencial n\u00b0057\/2019 O Munic\u00edpio de TOCANTINS-MG, na forma da lei, faz saber a todos os interessados que far\u00e1 licita\u00e7\u00e3o PREG\u00c3O PRESENCIAL na modalidade de REGISTRO DE PRE\u00c7OS, tendo como objeto CONTRATA\u00c7\u00c3O DE EMPRESA ESPECIALIZADA PARA PRESTA\u00c7\u00c3O DE SERVI\u00c7OS GR\u00c1FICOS a fim de [&hellip;]<\/p>\n","protected":false},"author":96,"featured_media":0,"comment_status":"closed","ping_status":"closed","sticky":false,"template":"","format":"standard","meta":{"footnotes":""},"categories":[307],"tags":[],"class_list":["post-146238","post","type-post","status-publish","format-standard","hentry","category-editais"],"_links":{"self":[{"href":"https:\/\/diarioregionaldigital.com.br\/index.php?rest_route=\/wp\/v2\/posts\/146238","targetHints":{"allow":["GET"]}}],"collection":[{"href":"https:\/\/diarioregionaldigital.com.br\/index.php?rest_route=\/wp\/v2\/posts"}],"about":[{"href":"https:\/\/diarioregionaldigital.com.br\/index.php?rest_route=\/wp\/v2\/types\/post"}],"author":[{"embeddable":true,"href":"https:\/\/diarioregionaldigital.com.br\/index.php?rest_route=\/wp\/v2\/users\/96"}],"replies":[{"embeddable":true,"href":"https:\/\/diarioregionaldigital.com.br\/index.php?rest_route=%2Fwp%2Fv2%2Fcomments&post=146238"}],"version-history":[{"count":0,"href":"https:\/\/diarioregionaldigital.com.br\/index.php?rest_route=\/wp\/v2\/posts\/146238\/revisions"}],"wp:attachment":[{"href":"https:\/\/diarioregionaldigital.com.br\/index.php?rest_route=%2Fwp%2Fv2%2Fmedia&parent=146238"}],"wp:term":[{"taxonomy":"category","embeddable":true,"href":"https:\/\/diarioregionaldigital.com.br\/index.php?rest_route=%2Fwp%2Fv2%2Fcategories&post=146238"},{"taxonomy":"post_tag","embeddable":true,"href":"https:\/\/diarioregionaldigital.com.br\/index.php?rest_route=%2Fwp%2Fv2%2Ftags&post=146238"}],"curies":[{"name":"wp","href":"https:\/\/api.w.org\/{rel}","templated":true}]}}